{"id":46471,"date":"2025-08-03T12:55:40","date_gmt":"2025-08-03T09:55:40","guid":{"rendered":"https:\/\/www.egemtv.com\/?p=46471"},"modified":"2025-08-03T12:55:41","modified_gmt":"2025-08-03T09:55:41","slug":"buharkentte-futbol-soleni-sona-erdi-kupalar-sahiplerini-buldu","status":"publish","type":"post","link":"https:\/\/www.egemtv.com\/?p=46471","title":{"rendered":"Buharkent\u2019te futbol \u015f\u00f6leni sona erdi, kupalar sahiplerini buldu"},"content":{"rendered":"<p>Ayd\u0131n\u2019\u0131n Buharkent il\u00e7esinde Buharkent Belediyesi taraf\u0131ndan d\u00fczenlenen \u2019Kentin \u00c7ocuklar\u0131 Futbol Turnuvas\u0131\u2019 final ma\u00e7lar\u0131n\u0131n ard\u0131ndan tamamland\u0131. \u0130ki hafta s\u00fcren turnuvada dereceye giren tak\u0131mlar \u00f6d\u00fcllerini Belediye Ba\u015fkan\u0131 Mehmet Erol\u2019un elinden ald\u0131.<\/p>\n<p>Buharkent\u2019te \u00e7ocuklar\u0131n yaz tatilini verimli ge\u00e7irmesi amac\u0131yla d\u00fczenlenen futbol turnuvas\u0131, b\u00fcy\u00fck bir co\u015fku ve centilmenlik i\u00e7inde sona erdi. \u0130ki ayr\u0131 grupta lig usul\u00fc oynanan kar\u015f\u0131la\u015fmalar sonucunda 1. Grup\u2019ta Alt\u0131n \u00c7ocuklar birinci, Buharcelona ikinci, KentCity ise \u00fc\u00e7\u00fcnc\u00fc oldu. 2. Grup\u2019ta ise Buharsenal birinci olurken, Kurtulu\u015fspor ikinci, \u0130ncirkent FC \u00fc\u00e7\u00fcnc\u00fcl\u00fck elde etti. Turnuvan\u0131n final g\u00fcn\u00fcnde t\u00fcm kat\u0131l\u0131mc\u0131 \u00e7ocuklara madalya ve hediyeleri verildi. Dereceye giren tak\u0131mlar da kupa ile \u00f6d\u00fcllendirildi. Buharkent Belediye Ba\u015fkan\u0131 Mehmet Erol, organizasyonun ard\u0131ndan yapt\u0131\u011f\u0131 a\u00e7\u0131klamada, &#8220;\u0130ki hafta boyunca \u00e7ocuklar\u0131m\u0131z\u0131n m\u00fccadelelerine sahada tan\u0131kl\u0131k ettik. Centilmenlik ve tak\u0131m ruhunun en g\u00fczel \u00f6rneklerini g\u00f6rd\u00fck. Kat\u0131lan t\u00fcm evlatlar\u0131m\u0131z\u0131 y\u00fcrekten tebrik ediyorum&#8221; ifadelerini kulland\u0131.<\/p>\n<p>Ba\u015fkan Erol ayr\u0131ca turnuvan\u0131n ger\u00e7ekle\u015fmesinde eme\u011fi ge\u00e7en futbol sorumlular\u0131 Omay Kaan Akt\u00fcrk ve Deniz Akarca\u2019ya da te\u015fekk\u00fcr etti.<br \/><\/p>\n","protected":false},"excerpt":{"rendered":"<p>Ayd\u0131n\u2019\u0131n Buharkent il\u00e7esinde Buharkent Belediyesi taraf\u0131ndan d\u00fczenlenen \u2019Kentin \u00c7ocuklar\u0131 Futbol Turnuvas\u0131\u2019 final ma\u00e7lar\u0131n\u0131n ard\u0131ndan tamamland\u0131. \u0130ki hafta s\u00fcren turnuvada dereceye giren tak\u0131mlar \u00f6d\u00fcllerini Belediye Ba\u015fkan\u0131 Mehmet Erol\u2019un elinden ald\u0131. Buharkent\u2019te \u00e7ocuklar\u0131n yaz tatilini verimli ge\u00e7irmesi amac\u0131yla d\u00fczenlenen futbol turnuvas\u0131, b\u00fcy\u00fck bir co\u015fku ve centilmenlik i\u00e7inde sona erdi. \u0130ki ayr\u0131 grupta lig usul\u00fc oynanan kar\u015f\u0131la\u015fmalar sonucunda&#8230;<\/p>\n","protected":false},"author":1,"featured_media":46472,"comment_status":"open","ping_status":"open","sticky":false,"template":"","format":"standard","meta":{"_crdt_document":"","footnotes":""},"categories":[1],"tags":[],"class_list":["post-46471","post","type-post","status-publish","format-standard","has-post-thumbnail","hentry","category-guncel"],"_links":{"self":[{"href":"https:\/\/www.egemtv.com\/index.php?rest_route=\/wp\/v2\/posts\/46471","targetHints":{"allow":["GET"]}}],"collection":[{"href":"https:\/\/www.egemtv.com\/index.php?rest_route=\/wp\/v2\/posts"}],"about":[{"href":"https:\/\/www.egemtv.com\/index.php?rest_route=\/wp\/v2\/types\/post"}],"author":[{"embeddable":true,"href":"https:\/\/www.egemtv.com\/index.php?rest_route=\/wp\/v2\/users\/1"}],"replies":[{"embeddable":true,"href":"https:\/\/www.egemtv.com\/index.php?rest_route=%2Fwp%2Fv2%2Fcomments&post=46471"}],"version-history":[{"count":1,"href":"https:\/\/www.egemtv.com\/index.php?rest_route=\/wp\/v2\/posts\/46471\/revisions"}],"predecessor-version":[{"id":46473,"href":"https:\/\/www.egemtv.com\/index.php?rest_route=\/wp\/v2\/posts\/46471\/revisions\/46473"}],"wp:featuredmedia":[{"embeddable":true,"href":"https:\/\/www.egemtv.com\/index.php?rest_route=\/wp\/v2\/media\/46472"}],"wp:attachment":[{"href":"https:\/\/www.egemtv.com\/index.php?rest_route=%2Fwp%2Fv2%2Fmedia&parent=46471"}],"wp:term":[{"taxonomy":"category","embeddable":true,"href":"https:\/\/www.egemtv.com\/index.php?rest_route=%2Fwp%2Fv2%2Fcategories&post=46471"},{"taxonomy":"post_tag","embeddable":true,"href":"https:\/\/www.egemtv.com\/index.php?rest_route=%2Fwp%2Fv2%2Ftags&post=46471"}],"curies":[{"name":"wp","href":"https:\/\/api.w.org\/{rel}","templated":true}]}}