{"id":46468,"date":"2025-08-03T12:35:33","date_gmt":"2025-08-03T09:35:33","guid":{"rendered":"https:\/\/www.egemtv.com\/?p=46468"},"modified":"2025-08-03T12:35:35","modified_gmt":"2025-08-03T09:35:35","slug":"yol-calismasini-fark-edemeyen-surucu-takla-atti-1-yarali","status":"publish","type":"post","link":"https:\/\/www.egemtv.com\/?p=46468","title":{"rendered":"Yol \u00e7al\u0131\u015fmas\u0131n\u0131 fark edemeyen s\u00fcr\u00fcc\u00fc takla att\u0131: 1 yaral\u0131"},"content":{"rendered":"<p>Isparta\u2019n\u0131n \u015earkikaraa\u011fa\u00e7 il\u00e7esinde yol \u00e7al\u0131\u015fmas\u0131n\u0131 ge\u00e7 fark eden s\u00fcr\u00fcc\u00fc, arac\u0131n\u0131 toprak y\u0131\u011f\u0131n\u0131ndan kurtarmaya \u00e7al\u0131\u015f\u0131rken takla att\u0131. Kazada ara\u00e7 i\u00e7inde s\u0131k\u0131\u015fan s\u00fcr\u00fcc\u00fc itfaiye ekiplerince kurtar\u0131larak hastaneye kald\u0131r\u0131ld\u0131.<br \/>\n<br \/>Kaza, gece saatlerinde Isparta\u2019n\u0131n \u015earkikaraa\u011fa\u00e7 il\u00e7esi Camikebir Mahallesi 2. Isparta Caddesi \u00fczerinde meydana geldi. Edinilen bilgilere g\u00f6re, Sabri \u00c7. 32 SF 575 plakal\u0131 otomobiliyle seyir halindeyken yol \u00fczerine yap\u0131lan kaz\u0131 \u00e7al\u0131\u015fmas\u0131 nedeniyle kendi \u015feridinin trafi\u011fe kapal\u0131 oldu\u011funu ge\u00e7 fark etti. Arac\u0131n\u0131 yol \u00fczerindeki toprak y\u0131\u011f\u0131n\u0131ndan kurtarmak isteyen s\u00fcr\u00fcc\u00fc, direksiyon hakimiyetini kaybederek takla att\u0131. Kazada Sabri \u00c7. ara\u00e7 i\u00e7inde s\u0131k\u0131\u015farak yaraland\u0131. Olay\u0131 g\u00f6ren \u00e7evredeki vatanda\u015flar\u0131n ihbar\u0131 \u00fczerine b\u00f6lgeye sa\u011fl\u0131k, itfaiye ve polis ekipleri sevk edildi. K\u0131sa s\u00fcrede olay yerine ula\u015fan itfaiye ekipleri, ara\u00e7 i\u00e7erisinde s\u0131k\u0131\u015fan Sabri \u00c7.\u2019yi kurtararak sa\u011fl\u0131k ekiplerine teslim etti. \u0130lk m\u00fcdahalesi olay yerinde yap\u0131lan yaral\u0131 s\u00fcr\u00fcc\u00fc, ambulansla hastaneye kald\u0131r\u0131larak tedavi alt\u0131na al\u0131nd\u0131. Kazayla ilgili inceleme ba\u015flat\u0131ld\u0131.<br \/><\/p>\n","protected":false},"excerpt":{"rendered":"<p>Isparta\u2019n\u0131n \u015earkikaraa\u011fa\u00e7 il\u00e7esinde yol \u00e7al\u0131\u015fmas\u0131n\u0131 ge\u00e7 fark eden s\u00fcr\u00fcc\u00fc, arac\u0131n\u0131 toprak y\u0131\u011f\u0131n\u0131ndan kurtarmaya \u00e7al\u0131\u015f\u0131rken takla att\u0131. Kazada ara\u00e7 i\u00e7inde s\u0131k\u0131\u015fan s\u00fcr\u00fcc\u00fc itfaiye ekiplerince kurtar\u0131larak hastaneye kald\u0131r\u0131ld\u0131. Kaza, gece saatlerinde Isparta\u2019n\u0131n \u015earkikaraa\u011fa\u00e7 il\u00e7esi Camikebir Mahallesi 2. Isparta Caddesi \u00fczerinde meydana geldi. Edinilen bilgilere g\u00f6re, Sabri \u00c7. 32 SF 575 plakal\u0131 otomobiliyle seyir halindeyken yol \u00fczerine yap\u0131lan&#8230;<\/p>\n","protected":false},"author":1,"featured_media":46469,"comment_status":"open","ping_status":"open","sticky":false,"template":"","format":"standard","meta":{"_crdt_document":"","footnotes":""},"categories":[5],"tags":[],"class_list":["post-46468","post","type-post","status-publish","format-standard","has-post-thumbnail","hentry","category-asayis"],"_links":{"self":[{"href":"https:\/\/www.egemtv.com\/index.php?rest_route=\/wp\/v2\/posts\/46468","targetHints":{"allow":["GET"]}}],"collection":[{"href":"https:\/\/www.egemtv.com\/index.php?rest_route=\/wp\/v2\/posts"}],"about":[{"href":"https:\/\/www.egemtv.com\/index.php?rest_route=\/wp\/v2\/types\/post"}],"author":[{"embeddable":true,"href":"https:\/\/www.egemtv.com\/index.php?rest_route=\/wp\/v2\/users\/1"}],"replies":[{"embeddable":true,"href":"https:\/\/www.egemtv.com\/index.php?rest_route=%2Fwp%2Fv2%2Fcomments&post=46468"}],"version-history":[{"count":1,"href":"https:\/\/www.egemtv.com\/index.php?rest_route=\/wp\/v2\/posts\/46468\/revisions"}],"predecessor-version":[{"id":46470,"href":"https:\/\/www.egemtv.com\/index.php?rest_route=\/wp\/v2\/posts\/46468\/revisions\/46470"}],"wp:featuredmedia":[{"embeddable":true,"href":"https:\/\/www.egemtv.com\/index.php?rest_route=\/wp\/v2\/media\/46469"}],"wp:attachment":[{"href":"https:\/\/www.egemtv.com\/index.php?rest_route=%2Fwp%2Fv2%2Fmedia&parent=46468"}],"wp:term":[{"taxonomy":"category","embeddable":true,"href":"https:\/\/www.egemtv.com\/index.php?rest_route=%2Fwp%2Fv2%2Fcategories&post=46468"},{"taxonomy":"post_tag","embeddable":true,"href":"https:\/\/www.egemtv.com\/index.php?rest_route=%2Fwp%2Fv2%2Ftags&post=46468"}],"curies":[{"name":"wp","href":"https:\/\/api.w.org\/{rel}","templated":true}]}}