{"id":46465,"date":"2025-08-03T12:35:32","date_gmt":"2025-08-03T09:35:32","guid":{"rendered":"https:\/\/www.egemtv.com\/?p=46465"},"modified":"2025-08-03T12:35:33","modified_gmt":"2025-08-03T09:35:33","slug":"muskinin-susuz-biraktigi-bodrum-afrikaya-dondu","status":"publish","type":"post","link":"https:\/\/www.egemtv.com\/?p=46465","title":{"rendered":"MUSK\u0130\u2019nin susuz b\u0131rakt\u0131\u011f\u0131 Bodrum, Afrikaya d\u00f6nd\u00fc"},"content":{"rendered":"<p>Mu\u011fla\u2019n\u0131n Bodrum il\u00e7esine ba\u011fl\u0131 Yukar\u0131 \u0130slamhaneleri Mahallesi\u2019n oturan vatanda\u015flar, yakla\u015f\u0131k bir ayd\u0131r i\u00e7me ve kullanma suyu bulam\u0131yor. H\u00fcrriyet Caddesi\u2019nde ya\u015fayan 40 hane, ya\u015fad\u0131klar\u0131 susuzlu\u011fa isyan edip MUSK\u0130\u2019ye tepki g\u00f6stererek, bir ayd\u0131r evlerine su verilmedi\u011fini idia ettiler.<\/p>\n<p>MUSK\u0130\u2019nin plans\u0131zl\u0131\u011f\u0131 y\u00fcz\u00fcnden adeta Bodrum\u2019da adeta Afrika\u2019dakiler gibi su s\u0131k\u0131nt\u0131lar\u0131 ya\u015fad\u0131\u011f\u0131n\u0131 belirten mahhale sakinlerinden Ebru G\u00fcne\u015f &#8220;B\u00fcy\u00fck hayalllerle 10 y\u0131l \u00f6nce Bodrum\u2019a geldik. MUSK\u0130 bizleri hayal k\u0131r\u0131kl\u0131\u011f\u0131na u\u011fratt\u0131. Bir ayd\u0131r bir damla dahi suyumuz yok. ne olur yetkililer sesimize kulak versin diyerek duruma tepki g\u00f6sterdi.<\/p>\n<p>&#8220;Bu kadar uzun s\u00fcren kesinti hi\u00e7 olmad\u0131&#8221;<br \/>\n<br \/>E\u015fi ve iki \u00e7ocu\u011fuyla Bodrum\u2019a yerle\u015fen Ebru G\u00fcne\u015f, \u00f6zellikle yaz aylar\u0131nda zaman zaman ya\u015fanan su kesintilerinin bu y\u0131l dayan\u0131lmaz bir hale geldi\u011fini s\u00f6yledi. G\u00fcne\u015f, &#8220;Pandemi sonras\u0131 3-4 y\u0131ld\u0131r su kesintileri oluyordu. Ama genelde 5 g\u00fcn kesilir, sonra 1-2 g\u00fcn su verilirdi. Depolar\u0131m\u0131z\u0131 o s\u00fcre i\u00e7inde doldururduk. Bu sefer 31 g\u00fcn\u00fc ge\u00e7ti, tek bir damla dahi suyumuz yok&#8221; dedi.<\/p>\n<p>&#8220;Evime su \u00e7\u0131km\u0131yor, \u00e7\u00fcnk\u00fc hatlar patlak&#8221;<br \/>\n<br \/>Mahalledeki bir\u00e7ok evin y\u00fcksek konumda oldu\u011funu s\u00f6yleyen G\u00fcne\u015f, &#8220;Evimiz y\u00fcksek bir noktada oldu\u011fu i\u00e7in buraya kadar su ula\u015fm\u0131yor. Su veriliyor ama bize ula\u015fmadan \u00f6nce hatlarda patlak olu\u015fuyor. Bu patlaklara da yeti\u015filmiyor&#8221; ifadelerini kulland\u0131.<\/p>\n<p>&#8220;Ya\u011fmur boldu, ama biz hala susuzuz&#8221;<br \/>\n<br \/>K\u0131\u015f aylar\u0131nda Bodrum\u2019un uzun y\u0131llar sonra bol ya\u011f\u0131\u015f ald\u0131\u011f\u0131n\u0131 hat\u0131rlatan G\u00fcne\u015f, &#8220;Bu k\u0131\u015f Bodrum\u2019da hi\u00e7 olmad\u0131\u011f\u0131 kadar ya\u011fmur ya\u011fd\u0131. Nisan ay\u0131nda bile ya\u011fmur g\u00f6rd\u00fck. Hepimiz \u2018Bu yaz rahat ederiz\u2019 dedik. Ama \u015fimdi tam tersi oldu. \u0130ki barajdan biri tar\u0131ma gidiyor, di\u011ferinden ise bize yetmiyor&#8221; dedi.<\/p>\n<p>G\u00fcne\u015f, ya\u015fad\u0131\u011f\u0131 hijyen sorunlar\u0131n\u0131 da dile getirerek, &#8220;Tam 14 g\u00fcnd\u00fcr sa\u00e7lar\u0131m\u0131 y\u0131kayamad\u0131m. Bir tas suyla y\u0131kanmaya \u00e7al\u0131\u015f\u0131yoruz. O da yetmiyor. \u00c7ocuklar isilik oldu, herkes hasta. Kom\u015fum l\u00f6semi hastas\u0131, hijyen onun i\u00e7in hayati \u00f6nemde. Ama kimse ilgilenmiyor&#8221; \u015feklinde konu\u015ftu.<\/p>\n<p>&#8220;Antidepresan dozunu art\u0131rd\u0131m&#8221;<br \/>\n<br \/>Ailesini ge\u00e7ici olarak Yalova\u2019ya g\u00f6nderdi\u011fini, ancak hayvanlar\u0131n\u0131 b\u0131rakmad\u0131\u011f\u0131 i\u00e7in kendisinin k\u00f6yde kald\u0131\u011f\u0131n\u0131 belirten G\u00fcne\u015f, ya\u015fad\u0131\u011f\u0131 psikolojik s\u0131k\u0131nt\u0131lar\u0131 ise \u015f\u00f6yle anlatt\u0131:<br \/>\n<br \/>&#8220;Art\u0131k dayanam\u0131yorum. Antidepresan kullan\u0131yorum, dozunu iki kat\u0131na \u00e7\u0131kard\u0131m. \u00c7\u00fcnk\u00fc tahamm\u00fcl\u00fcm kalmad\u0131. G\u00f6r\u00fclmemeye, duyulmuyor olmaya dayanam\u0131yorum. C\u0130MER\u2019e yazd\u0131m, Kamu Denet\u00e7ili\u011fi\u2019ne yazd\u0131m. \u00c7\u0131\u011fl\u0131k at\u0131yorum; sesimizi duysunlar istiyoruz&#8221;<\/p>\n<p>&#8220;Temiz su insan hakk\u0131d\u0131r&#8221;<br \/>\n<br \/>G\u00fcne\u015f, s\u00f6zlerini \u015fu ifadelerle tamamlad\u0131:<br \/>\n<br \/>&#8220;Afrika\u2019daki gibi susuzluk \u00e7ekiyoruz. Cennette cehennemi ya\u015fat\u0131yorlar bize. Temiz suya ula\u015fmak bizim hakk\u0131m\u0131z. Her insan\u0131n hakk\u0131. T\u00fcrk insan\u0131 da, Afrika insan\u0131 da bu yoklu\u011fu hak etmiyor. Ama bizim imkanlar\u0131m\u0131z var. Neden bu imkanlardan faydalanam\u0131yoruz?&#8221;<br \/><\/p>\n","protected":false},"excerpt":{"rendered":"<p>Mu\u011fla\u2019n\u0131n Bodrum il\u00e7esine ba\u011fl\u0131 Yukar\u0131 \u0130slamhaneleri Mahallesi\u2019n oturan vatanda\u015flar, yakla\u015f\u0131k bir ayd\u0131r i\u00e7me ve kullanma suyu bulam\u0131yor. H\u00fcrriyet Caddesi\u2019nde ya\u015fayan 40 hane, ya\u015fad\u0131klar\u0131 susuzlu\u011fa isyan edip MUSK\u0130\u2019ye tepki g\u00f6stererek, bir ayd\u0131r evlerine su verilmedi\u011fini idia ettiler. MUSK\u0130\u2019nin plans\u0131zl\u0131\u011f\u0131 y\u00fcz\u00fcnden adeta Bodrum\u2019da adeta Afrika\u2019dakiler gibi su s\u0131k\u0131nt\u0131lar\u0131 ya\u015fad\u0131\u011f\u0131n\u0131 belirten mahhale sakinlerinden Ebru G\u00fcne\u015f &#8220;B\u00fcy\u00fck hayalllerle 10&#8230;<\/p>\n","protected":false},"author":1,"featured_media":46466,"comment_status":"open","ping_status":"open","sticky":false,"template":"","format":"standard","meta":{"_crdt_document":"","footnotes":""},"categories":[1],"tags":[],"class_list":["post-46465","post","type-post","status-publish","format-standard","has-post-thumbnail","hentry","category-guncel"],"_links":{"self":[{"href":"https:\/\/www.egemtv.com\/index.php?rest_route=\/wp\/v2\/posts\/46465","targetHints":{"allow":["GET"]}}],"collection":[{"href":"https:\/\/www.egemtv.com\/index.php?rest_route=\/wp\/v2\/posts"}],"about":[{"href":"https:\/\/www.egemtv.com\/index.php?rest_route=\/wp\/v2\/types\/post"}],"author":[{"embeddable":true,"href":"https:\/\/www.egemtv.com\/index.php?rest_route=\/wp\/v2\/users\/1"}],"replies":[{"embeddable":true,"href":"https:\/\/www.egemtv.com\/index.php?rest_route=%2Fwp%2Fv2%2Fcomments&post=46465"}],"version-history":[{"count":1,"href":"https:\/\/www.egemtv.com\/index.php?rest_route=\/wp\/v2\/posts\/46465\/revisions"}],"predecessor-version":[{"id":46467,"href":"https:\/\/www.egemtv.com\/index.php?rest_route=\/wp\/v2\/posts\/46465\/revisions\/46467"}],"wp:featuredmedia":[{"embeddable":true,"href":"https:\/\/www.egemtv.com\/index.php?rest_route=\/wp\/v2\/media\/46466"}],"wp:attachment":[{"href":"https:\/\/www.egemtv.com\/index.php?rest_route=%2Fwp%2Fv2%2Fmedia&parent=46465"}],"wp:term":[{"taxonomy":"category","embeddable":true,"href":"https:\/\/www.egemtv.com\/index.php?rest_route=%2Fwp%2Fv2%2Fcategories&post=46465"},{"taxonomy":"post_tag","embeddable":true,"href":"https:\/\/www.egemtv.com\/index.php?rest_route=%2Fwp%2Fv2%2Ftags&post=46465"}],"curies":[{"name":"wp","href":"https:\/\/api.w.org\/{rel}","templated":true}]}}