{"id":46462,"date":"2025-08-03T12:35:32","date_gmt":"2025-08-03T09:35:32","guid":{"rendered":"https:\/\/www.egemtv.com\/?p=46462"},"modified":"2025-08-03T12:35:32","modified_gmt":"2025-08-03T09:35:32","slug":"cinsel-saldiri-ve-yaralama-suclulari-yakalanarak-cezaevine-gonderildi","status":"publish","type":"post","link":"https:\/\/www.egemtv.com\/?p=46462","title":{"rendered":"Cinsel sald\u0131r\u0131 ve yaralama su\u00e7lular\u0131 yakalanarak cezaevine g\u00f6nderildi"},"content":{"rendered":"<p>Isparta\u2019n\u0131n Uluborlu ve Yalva\u00e7 il\u00e7elerinde d\u00fczenlenen operasyonlarda, haklar\u0131nda kesinle\u015fmi\u015f hapis cezas\u0131 bulunan 2 ki\u015fi yakalanarak cezaevine g\u00f6nderildi.<br \/>\n<br \/>Isparta \u0130l Emniyet M\u00fcd\u00fcrl\u00fc\u011f\u00fc ekiplerince, 31 Temmuz ve 1 A\u011fustos 2025 tarihlerinde Uluborlu ve Yalva\u00e7 il\u00e7elerinde aranan \u015fah\u0131slara y\u00f6nelik \u00e7al\u0131\u015fma ger\u00e7ekle\u015ftirildi. Yap\u0131lan operasyonlar sonucunda \u2019nitelikli cinsel sald\u0131r\u0131\u2019 su\u00e7undan 4 y\u0131l 4 ay 15 g\u00fcn kesinle\u015fmi\u015f hapis cezas\u0131 bulunan 1 \u015fah\u0131s, \u2019basit yaralama\u2019 su\u00e7undan 7 ay 15 g\u00fcn hapis cezas\u0131 bulunan 1 ki\u015fi yakaland\u0131. Yakalanan \u015fah\u0131slar, emniyetteki i\u015flemlerinin ard\u0131ndan Ceza \u0130nfaz Kurumu\u2019na teslim edildi.<br \/><\/p>\n","protected":false},"excerpt":{"rendered":"<p>Isparta\u2019n\u0131n Uluborlu ve Yalva\u00e7 il\u00e7elerinde d\u00fczenlenen operasyonlarda, haklar\u0131nda kesinle\u015fmi\u015f hapis cezas\u0131 bulunan 2 ki\u015fi yakalanarak cezaevine g\u00f6nderildi. Isparta \u0130l Emniyet M\u00fcd\u00fcrl\u00fc\u011f\u00fc ekiplerince, 31 Temmuz ve 1 A\u011fustos 2025 tarihlerinde Uluborlu ve Yalva\u00e7 il\u00e7elerinde aranan \u015fah\u0131slara y\u00f6nelik \u00e7al\u0131\u015fma ger\u00e7ekle\u015ftirildi. Yap\u0131lan operasyonlar sonucunda \u2019nitelikli cinsel sald\u0131r\u0131\u2019 su\u00e7undan 4 y\u0131l 4 ay 15 g\u00fcn kesinle\u015fmi\u015f hapis cezas\u0131 bulunan&#8230;<\/p>\n","protected":false},"author":1,"featured_media":46463,"comment_status":"open","ping_status":"open","sticky":false,"template":"","format":"standard","meta":{"_crdt_document":"","footnotes":""},"categories":[5],"tags":[],"class_list":["post-46462","post","type-post","status-publish","format-standard","has-post-thumbnail","hentry","category-asayis"],"_links":{"self":[{"href":"https:\/\/www.egemtv.com\/index.php?rest_route=\/wp\/v2\/posts\/46462","targetHints":{"allow":["GET"]}}],"collection":[{"href":"https:\/\/www.egemtv.com\/index.php?rest_route=\/wp\/v2\/posts"}],"about":[{"href":"https:\/\/www.egemtv.com\/index.php?rest_route=\/wp\/v2\/types\/post"}],"author":[{"embeddable":true,"href":"https:\/\/www.egemtv.com\/index.php?rest_route=\/wp\/v2\/users\/1"}],"replies":[{"embeddable":true,"href":"https:\/\/www.egemtv.com\/index.php?rest_route=%2Fwp%2Fv2%2Fcomments&post=46462"}],"version-history":[{"count":1,"href":"https:\/\/www.egemtv.com\/index.php?rest_route=\/wp\/v2\/posts\/46462\/revisions"}],"predecessor-version":[{"id":46464,"href":"https:\/\/www.egemtv.com\/index.php?rest_route=\/wp\/v2\/posts\/46462\/revisions\/46464"}],"wp:featuredmedia":[{"embeddable":true,"href":"https:\/\/www.egemtv.com\/index.php?rest_route=\/wp\/v2\/media\/46463"}],"wp:attachment":[{"href":"https:\/\/www.egemtv.com\/index.php?rest_route=%2Fwp%2Fv2%2Fmedia&parent=46462"}],"wp:term":[{"taxonomy":"category","embeddable":true,"href":"https:\/\/www.egemtv.com\/index.php?rest_route=%2Fwp%2Fv2%2Fcategories&post=46462"},{"taxonomy":"post_tag","embeddable":true,"href":"https:\/\/www.egemtv.com\/index.php?rest_route=%2Fwp%2Fv2%2Ftags&post=46462"}],"curies":[{"name":"wp","href":"https:\/\/api.w.org\/{rel}","templated":true}]}}