{"id":46459,"date":"2025-08-03T12:35:31","date_gmt":"2025-08-03T09:35:31","guid":{"rendered":"https:\/\/www.egemtv.com\/?p=46459"},"modified":"2025-08-03T12:35:32","modified_gmt":"2025-08-03T09:35:32","slug":"kutahya-tavsanlida-arifaga-camiinin-temeli-atildi","status":"publish","type":"post","link":"https:\/\/www.egemtv.com\/?p=46459","title":{"rendered":"K\u00fctahya Tav\u015fanl\u0131\u2019da Arifa\u011fa Camii\u2019nin temeli at\u0131ld\u0131"},"content":{"rendered":"<p>K\u00fctahya\u2019n\u0131n Tav\u015fanl\u0131 il\u00e7esinde temelinde meydana gelen kayma nedeniyle y\u0131k\u0131m karar\u0131 al\u0131nan Arifa\u011fa Camii i\u00e7in yeniden in\u015fa s\u00fcreci ba\u015flad\u0131. Caminin temeli, geni\u015f kat\u0131l\u0131ml\u0131 bir t\u00f6renle dualar e\u015fli\u011finde at\u0131ld\u0131.<br \/>\n<br \/>2023 y\u0131l\u0131nda y\u0131k\u0131lan caminin yerine yap\u0131lacak yeni yap\u0131n\u0131n bir y\u0131l i\u00e7inde tamamlanmas\u0131 hedefleniyor. Temel atma t\u00f6renine K\u00fctahya Valisi Musa I\u015f\u0131n, AK Parti K\u00fctahya milletvekilleri Mehmet Demir ve \u0130smail \u00c7a\u011flar Bay\u0131rc\u0131, Tav\u015fanl\u0131 Kaymakam\u0131 \u00d6mer Faruk \u00d6zdemir, TTSO Ba\u015fkan\u0131 Davut Efe ve \u00e7ok say\u0131da vatanda\u015f kat\u0131ld\u0131.<br \/>\n<br \/>T\u00f6rende konu\u015fan Tav\u015fanl\u0131 M\u00fcft\u00fcs\u00fc Mevl\u00fct Hakan Asan ile Arifa\u011fa Cami Yapt\u0131rma ve Ya\u015fatma Derne\u011fi \u0130kinci Ba\u015fkan\u0131 \u0130smail Y\u0131lmaz, caminin y\u0131k\u0131m s\u00fcrecinden yeni projenin detaylar\u0131na kadar bilgi verdi. \u0130smail Y\u0131lmaz, &#8220;Sadece bir ibadethane de\u011fil, gelecek nesillere hizmet edecek, daha fonksiyonel, daha kapsay\u0131c\u0131, daha nitelikli bir eser b\u0131rakmak istedik&#8221; diyerek, yeni caminin bir hayat merkezi olarak tasarland\u0131\u011f\u0131n\u0131 belirtti.<br \/>\n<br \/>Yeni cami, 2 bin 317 metrekare arsa \u00fczerinde, 2 bin 285 metrekare kapal\u0131 kullan\u0131m alan\u0131na sahip olacak. Toplamda bin 550 ki\u015finin ayn\u0131 anda namaz k\u0131labilece\u011fi camide, iki minare, modern iklimlendirme sistemi, jenerat\u00f6r ve asans\u00f6r bulunacak. Ayr\u0131ca 4-6 ya\u015f grubu Kur\u2019an Kursu, kitabevi, lokal ve seminer salonu gibi sosyal donat\u0131lar da yer alacak. Y\u0131lmaz, temel i\u00e7in 150 ton demir kullan\u0131ld\u0131\u011f\u0131n\u0131 ve bin 300 metrek\u00fcp beton d\u00f6k\u00fcld\u00fc\u011f\u00fcn\u00fc de s\u00f6zlerine ekledi.<br \/>\n<br \/>K\u00fctahya Valisi Musa I\u015f\u0131n, t\u00f6rendeki konu\u015fmas\u0131nda, camilerin halk\u0131n gayretiyle yap\u0131ld\u0131\u011f\u0131na dikkat \u00e7ekerek dernek y\u00f6netimine te\u015fekk\u00fcr etti. Camilerin sadece bir ibadethane olmad\u0131\u011f\u0131n\u0131, huzur ve tefekk\u00fcr merkezleri oldu\u011funu vurgulayan I\u015f\u0131n, Tav\u015fanl\u0131 halk\u0131n\u0131n hay\u0131rseverli\u011fini \u00f6vd\u00fc.<br \/>\n<br \/>K\u00fctahya\u2019daki tarihi camilere de de\u011finen Vali I\u015f\u0131n, ecdat yadigar\u0131 eserlerin korunaca\u011f\u0131n\u0131, ancak Arifa\u011fa Camii gibi yeniden yap\u0131lmas\u0131 gereken yap\u0131lar\u0131n k\u00fclliye mant\u0131\u011f\u0131yla in\u015fa edilmesi gerekti\u011fini belirtti. Projenin iki y\u0131l s\u00fcren bir \u00e7al\u0131\u015fman\u0131n \u00fcr\u00fcn\u00fc oldu\u011funu ve her detay\u0131n en ince ayr\u0131nt\u0131s\u0131na kadar d\u00fc\u015f\u00fcn\u00fcld\u00fc\u011f\u00fcn\u00fc ifade ederek, eme\u011fi ge\u00e7en herkesi tebrik etti.<br \/>\n<br \/>AK Parti K\u00fctahya Milletvekili Mehmet Demir, Arifa\u011fa Camii\u2019nin Tav\u015fanl\u0131 i\u00e7in Ulu Cami ile birlikte \u00e7ok \u00f6nemli bir ibadethane oldu\u011funu vurgulad\u0131. Demir, Kur\u2019an-\u0131 Kerim\u2019den ayetler okuyarak camilerin inanan insanlar taraf\u0131ndan yap\u0131ld\u0131\u011f\u0131n\u0131 hat\u0131rlatt\u0131.<br \/>\n<br \/>Demir, yeni cami projesinin &#8220;Yeni model Tav\u015fanl\u0131\u2019ya yak\u0131\u015facak&#8221; bir eser olaca\u011f\u0131n\u0131 belirterek, &#8220;Bu \u00f6nemli g\u00fcnde asl\u0131nda yapt\u0131\u011f\u0131m\u0131z i\u015flem vatana bir m\u00fch\u00fcr vurmakt\u0131r. Bu cami, bu memleketin \u0130slam beldesi oldu\u011funa bir belge ve m\u00fch\u00fcrd\u00fcr&#8221; dedi. Demir, a\u00e7\u0131l\u0131\u015f\u0131n 2026 y\u0131l\u0131nda olaca\u011f\u0131n\u0131, caminin modern mimariyle tarihin harmanland\u0131\u011f\u0131 bir yap\u0131yla yap\u0131laca\u011f\u0131n\u0131 umdu\u011funu dile getirdi.<br \/><\/p>\n","protected":false},"excerpt":{"rendered":"<p>K\u00fctahya\u2019n\u0131n Tav\u015fanl\u0131 il\u00e7esinde temelinde meydana gelen kayma nedeniyle y\u0131k\u0131m karar\u0131 al\u0131nan Arifa\u011fa Camii i\u00e7in yeniden in\u015fa s\u00fcreci ba\u015flad\u0131. Caminin temeli, geni\u015f kat\u0131l\u0131ml\u0131 bir t\u00f6renle dualar e\u015fli\u011finde at\u0131ld\u0131. 2023 y\u0131l\u0131nda y\u0131k\u0131lan caminin yerine yap\u0131lacak yeni yap\u0131n\u0131n bir y\u0131l i\u00e7inde tamamlanmas\u0131 hedefleniyor. Temel atma t\u00f6renine K\u00fctahya Valisi Musa I\u015f\u0131n, AK Parti K\u00fctahya milletvekilleri Mehmet Demir ve \u0130smail&#8230;<\/p>\n","protected":false},"author":1,"featured_media":46460,"comment_status":"open","ping_status":"open","sticky":false,"template":"","format":"standard","meta":{"_crdt_document":"","footnotes":""},"categories":[123],"tags":[],"class_list":["post-46459","post","type-post","status-publish","format-standard","has-post-thumbnail","hentry","category-gundem"],"_links":{"self":[{"href":"https:\/\/www.egemtv.com\/index.php?rest_route=\/wp\/v2\/posts\/46459","targetHints":{"allow":["GET"]}}],"collection":[{"href":"https:\/\/www.egemtv.com\/index.php?rest_route=\/wp\/v2\/posts"}],"about":[{"href":"https:\/\/www.egemtv.com\/index.php?rest_route=\/wp\/v2\/types\/post"}],"author":[{"embeddable":true,"href":"https:\/\/www.egemtv.com\/index.php?rest_route=\/wp\/v2\/users\/1"}],"replies":[{"embeddable":true,"href":"https:\/\/www.egemtv.com\/index.php?rest_route=%2Fwp%2Fv2%2Fcomments&post=46459"}],"version-history":[{"count":1,"href":"https:\/\/www.egemtv.com\/index.php?rest_route=\/wp\/v2\/posts\/46459\/revisions"}],"predecessor-version":[{"id":46461,"href":"https:\/\/www.egemtv.com\/index.php?rest_route=\/wp\/v2\/posts\/46459\/revisions\/46461"}],"wp:featuredmedia":[{"embeddable":true,"href":"https:\/\/www.egemtv.com\/index.php?rest_route=\/wp\/v2\/media\/46460"}],"wp:attachment":[{"href":"https:\/\/www.egemtv.com\/index.php?rest_route=%2Fwp%2Fv2%2Fmedia&parent=46459"}],"wp:term":[{"taxonomy":"category","embeddable":true,"href":"https:\/\/www.egemtv.com\/index.php?rest_route=%2Fwp%2Fv2%2Fcategories&post=46459"},{"taxonomy":"post_tag","embeddable":true,"href":"https:\/\/www.egemtv.com\/index.php?rest_route=%2Fwp%2Fv2%2Ftags&post=46459"}],"curies":[{"name":"wp","href":"https:\/\/api.w.org\/{rel}","templated":true}]}}