{"id":46456,"date":"2025-08-03T12:15:24","date_gmt":"2025-08-03T09:15:24","guid":{"rendered":"https:\/\/www.egemtv.com\/?p=46456"},"modified":"2025-08-03T12:15:25","modified_gmt":"2025-08-03T09:15:25","slug":"manisa-fk-umraniyespor-hazirliklarina-devam-ediyor","status":"publish","type":"post","link":"https:\/\/www.egemtv.com\/?p=46456","title":{"rendered":"Manisa FK, \u00dcmraniyespor haz\u0131rl\u0131klar\u0131na devam ediyor"},"content":{"rendered":"<p>Manisa Futbol Kul\u00fcb\u00fc, Trendyol 1. Lig\u2019in ilk haftas\u0131nda deplasmanda kar\u015f\u0131la\u015faca\u011f\u0131 \u00dcmraniyespor ma\u00e7\u0131n\u0131n haz\u0131rl\u0131klar\u0131n\u0131 s\u00fcrd\u00fcrd\u00fc.<br \/>\n<br \/>Trendyol 1. Lig\u2019in a\u00e7\u0131l\u0131\u015f ma\u00e7\u0131nda deplasmanda kar\u015f\u0131la\u015faca\u011f\u0131 \u00dcmraniyespor kar\u015f\u0131la\u015fmas\u0131n\u0131n haz\u0131rl\u0131klar\u0131na devam eden Manisa FK, bu kapsamda \u0130zmir G\u00fcrsel Aksel Stad\u0131\u2019nda kar\u015f\u0131la\u015ft\u0131\u011f\u0131 Trendyol S\u00fcper Lig ekibi G\u00f6ztepe ile oynad\u0131\u011f\u0131 haz\u0131rl\u0131k ma\u00e7\u0131n\u0131 6-0 kaybetti.<br \/>\n<br \/>Manisa FK, \u00dcmraniyespor ile 8 A\u011fustos Cuma g\u00fcn\u00fc saat 21.30\u2019da \u00dcmraniye Belediyesi \u015eehir Stadyumu\u2019nda oynanacak kar\u015f\u0131la\u015fman\u0131n haz\u0131rl\u0131klar\u0131na bug\u00fcn ger\u00e7ekle\u015ftirdi\u011fi antrenmanla devam etti. Teknik Direkt\u00f6r Taner Ta\u015fk\u0131n y\u00f6netiminde yap\u0131lan antrenman \u0131s\u0131nma hareketleriyle ba\u015flarken, top kapma oyunuyla devam eden antrenmanda dar alan oyunlar\u0131yla tamamland\u0131.<br \/>\n<br \/>Manisa Futbol Kul\u00fcb\u00fc, yar\u0131n yapaca\u011f\u0131 antrenmanla \u00dcmraniyespor ma\u00e7\u0131n\u0131n haz\u0131rl\u0131klar\u0131n\u0131 s\u00fcrd\u00fcrecek.<br \/><\/p>\n","protected":false},"excerpt":{"rendered":"<p>Manisa Futbol Kul\u00fcb\u00fc, Trendyol 1. Lig\u2019in ilk haftas\u0131nda deplasmanda kar\u015f\u0131la\u015faca\u011f\u0131 \u00dcmraniyespor ma\u00e7\u0131n\u0131n haz\u0131rl\u0131klar\u0131n\u0131 s\u00fcrd\u00fcrd\u00fc. Trendyol 1. Lig\u2019in a\u00e7\u0131l\u0131\u015f ma\u00e7\u0131nda deplasmanda kar\u015f\u0131la\u015faca\u011f\u0131 \u00dcmraniyespor kar\u015f\u0131la\u015fmas\u0131n\u0131n haz\u0131rl\u0131klar\u0131na devam eden Manisa FK, bu kapsamda \u0130zmir G\u00fcrsel Aksel Stad\u0131\u2019nda kar\u015f\u0131la\u015ft\u0131\u011f\u0131 Trendyol S\u00fcper Lig ekibi G\u00f6ztepe ile oynad\u0131\u011f\u0131 haz\u0131rl\u0131k ma\u00e7\u0131n\u0131 6-0 kaybetti. Manisa FK, \u00dcmraniyespor ile 8 A\u011fustos Cuma g\u00fcn\u00fc saat&#8230;<\/p>\n","protected":false},"author":1,"featured_media":46457,"comment_status":"open","ping_status":"open","sticky":false,"template":"","format":"standard","meta":{"_crdt_document":"","footnotes":""},"categories":[4],"tags":[],"class_list":["post-46456","post","type-post","status-publish","format-standard","has-post-thumbnail","hentry","category-spor"],"_links":{"self":[{"href":"https:\/\/www.egemtv.com\/index.php?rest_route=\/wp\/v2\/posts\/46456","targetHints":{"allow":["GET"]}}],"collection":[{"href":"https:\/\/www.egemtv.com\/index.php?rest_route=\/wp\/v2\/posts"}],"about":[{"href":"https:\/\/www.egemtv.com\/index.php?rest_route=\/wp\/v2\/types\/post"}],"author":[{"embeddable":true,"href":"https:\/\/www.egemtv.com\/index.php?rest_route=\/wp\/v2\/users\/1"}],"replies":[{"embeddable":true,"href":"https:\/\/www.egemtv.com\/index.php?rest_route=%2Fwp%2Fv2%2Fcomments&post=46456"}],"version-history":[{"count":1,"href":"https:\/\/www.egemtv.com\/index.php?rest_route=\/wp\/v2\/posts\/46456\/revisions"}],"predecessor-version":[{"id":46458,"href":"https:\/\/www.egemtv.com\/index.php?rest_route=\/wp\/v2\/posts\/46456\/revisions\/46458"}],"wp:featuredmedia":[{"embeddable":true,"href":"https:\/\/www.egemtv.com\/index.php?rest_route=\/wp\/v2\/media\/46457"}],"wp:attachment":[{"href":"https:\/\/www.egemtv.com\/index.php?rest_route=%2Fwp%2Fv2%2Fmedia&parent=46456"}],"wp:term":[{"taxonomy":"category","embeddable":true,"href":"https:\/\/www.egemtv.com\/index.php?rest_route=%2Fwp%2Fv2%2Fcategories&post=46456"},{"taxonomy":"post_tag","embeddable":true,"href":"https:\/\/www.egemtv.com\/index.php?rest_route=%2Fwp%2Fv2%2Ftags&post=46456"}],"curies":[{"name":"wp","href":"https:\/\/api.w.org\/{rel}","templated":true}]}}