{"id":46453,"date":"2025-08-03T12:15:23","date_gmt":"2025-08-03T09:15:23","guid":{"rendered":"https:\/\/www.egemtv.com\/?p=46453"},"modified":"2025-08-03T12:15:24","modified_gmt":"2025-08-03T09:15:24","slug":"yatta-yaralanan-vatandas-sahil-guvenlik-tarafindan-tahliye-edildi","status":"publish","type":"post","link":"https:\/\/www.egemtv.com\/?p=46453","title":{"rendered":"Yatta yaralanan vatanda\u015f Sahil G\u00fcvenlik taraf\u0131ndan tahliye edildi"},"content":{"rendered":"<p>Mu\u011fla\u2019n\u0131n Dalaman il\u00e7esi a\u00e7\u0131klar\u0131nda seyreden ticari yatta yaralanan bir vatanda\u015f Sahil G\u00fcvenlik ekipleri taraf\u0131ndan t\u0131bbi tahliyesi ger\u00e7ekle\u015ftirildi.<br \/>\n<br \/>Dalaman a\u00e7\u0131klar\u0131ndaki yatta yaralanan vatanda\u015f i\u00e7in yard\u0131m \u00e7a\u011fr\u0131s\u0131 yap\u0131ld\u0131. Yap\u0131lan yard\u0131m \u00e7a\u011fr\u0131s\u0131 sonras\u0131 Sahil G\u00fcvenlik botu taraf\u0131ndan yaralanan vatanda\u015f\u0131n t\u0131bbi tahliyesi ger\u00e7ekle\u015ftirilerek 112 ambulans ekiplerine teslim edildi.<br \/><\/p>\n","protected":false},"excerpt":{"rendered":"<p>Mu\u011fla\u2019n\u0131n Dalaman il\u00e7esi a\u00e7\u0131klar\u0131nda seyreden ticari yatta yaralanan bir vatanda\u015f Sahil G\u00fcvenlik ekipleri taraf\u0131ndan t\u0131bbi tahliyesi ger\u00e7ekle\u015ftirildi. Dalaman a\u00e7\u0131klar\u0131ndaki yatta yaralanan vatanda\u015f i\u00e7in yard\u0131m \u00e7a\u011fr\u0131s\u0131 yap\u0131ld\u0131. Yap\u0131lan yard\u0131m \u00e7a\u011fr\u0131s\u0131 sonras\u0131 Sahil G\u00fcvenlik botu taraf\u0131ndan yaralanan vatanda\u015f\u0131n t\u0131bbi tahliyesi ger\u00e7ekle\u015ftirilerek 112 ambulans ekiplerine teslim edildi.<\/p>\n","protected":false},"author":1,"featured_media":46454,"comment_status":"open","ping_status":"open","sticky":false,"template":"","format":"standard","meta":{"_crdt_document":"","footnotes":""},"categories":[2],"tags":[],"class_list":["post-46453","post","type-post","status-publish","format-standard","has-post-thumbnail","hentry","category-saglik"],"_links":{"self":[{"href":"https:\/\/www.egemtv.com\/index.php?rest_route=\/wp\/v2\/posts\/46453","targetHints":{"allow":["GET"]}}],"collection":[{"href":"https:\/\/www.egemtv.com\/index.php?rest_route=\/wp\/v2\/posts"}],"about":[{"href":"https:\/\/www.egemtv.com\/index.php?rest_route=\/wp\/v2\/types\/post"}],"author":[{"embeddable":true,"href":"https:\/\/www.egemtv.com\/index.php?rest_route=\/wp\/v2\/users\/1"}],"replies":[{"embeddable":true,"href":"https:\/\/www.egemtv.com\/index.php?rest_route=%2Fwp%2Fv2%2Fcomments&post=46453"}],"version-history":[{"count":1,"href":"https:\/\/www.egemtv.com\/index.php?rest_route=\/wp\/v2\/posts\/46453\/revisions"}],"predecessor-version":[{"id":46455,"href":"https:\/\/www.egemtv.com\/index.php?rest_route=\/wp\/v2\/posts\/46453\/revisions\/46455"}],"wp:featuredmedia":[{"embeddable":true,"href":"https:\/\/www.egemtv.com\/index.php?rest_route=\/wp\/v2\/media\/46454"}],"wp:attachment":[{"href":"https:\/\/www.egemtv.com\/index.php?rest_route=%2Fwp%2Fv2%2Fmedia&parent=46453"}],"wp:term":[{"taxonomy":"category","embeddable":true,"href":"https:\/\/www.egemtv.com\/index.php?rest_route=%2Fwp%2Fv2%2Fcategories&post=46453"},{"taxonomy":"post_tag","embeddable":true,"href":"https:\/\/www.egemtv.com\/index.php?rest_route=%2Fwp%2Fv2%2Ftags&post=46453"}],"curies":[{"name":"wp","href":"https:\/\/api.w.org\/{rel}","templated":true}]}}