{"id":46450,"date":"2025-08-03T12:15:23","date_gmt":"2025-08-03T09:15:23","guid":{"rendered":"https:\/\/www.egemtv.com\/?p=46450"},"modified":"2025-08-03T12:15:23","modified_gmt":"2025-08-03T09:15:23","slug":"bozdoganda-vatandaslar-dolandiriciliga-karsi-uyarildi","status":"publish","type":"post","link":"https:\/\/www.egemtv.com\/?p=46450","title":{"rendered":"Bozdo\u011fan\u2019da vatanda\u015flar doland\u0131r\u0131c\u0131l\u0131\u011fa kar\u015f\u0131 uyar\u0131ld\u0131"},"content":{"rendered":"<p>Ayd\u0131n\u2019\u0131n Bozdo\u011fan il\u00e7esinde vatanda\u015flar, internet, telefon ve sosyal medya \u00fczerinden ger\u00e7ekle\u015ftirilen doland\u0131r\u0131c\u0131l\u0131k olaylar\u0131na kar\u015f\u0131 jandarma ekipleri taraf\u0131ndan bilgilendirildi.<\/p>\n<p>Bozdo\u011fan \u0130l\u00e7e Jandarma Komutanl\u0131\u011f\u0131 ekipleri, kendilerini kamu g\u00f6revlisi olarak tan\u0131tan ve ziynet e\u015fyas\u0131, d\u00f6viz ya da para talebinde bulunan \u015fah\u0131slara kar\u015f\u0131 dikkatli olunmas\u0131 y\u00f6n\u00fcnde uyar\u0131larda bulundu. Ayr\u0131ca sahte ilanlarla yap\u0131lan doland\u0131r\u0131c\u0131l\u0131klara kar\u015f\u0131 da vatanda\u015flara bilgi verildi.<br \/>\n<br \/>Ekipler, vatanda\u015flar\u0131n bu t\u00fcr durumlarla kar\u015f\u0131la\u015ft\u0131klar\u0131nda vakit kaybetmeden 112 Acil \u00c7a\u011fr\u0131 Merkezi\u2019ne bildirimde bulunmalar\u0131 gerekti\u011fini hat\u0131rlatarak bilgilendirici bro\u015f\u00fcrler da\u011f\u0131tt\u0131. Jandarma yetkilileri, doland\u0131r\u0131c\u0131l\u0131k olaylar\u0131n\u0131n \u00f6nlenmesi i\u00e7in benzer bilgilendirme \u00e7al\u0131\u015fmalar\u0131n\u0131n il\u00e7e genelinde s\u00fcrd\u00fcr\u00fclece\u011fini ifade etti.<br \/><\/p>\n","protected":false},"excerpt":{"rendered":"<p>Ayd\u0131n\u2019\u0131n Bozdo\u011fan il\u00e7esinde vatanda\u015flar, internet, telefon ve sosyal medya \u00fczerinden ger\u00e7ekle\u015ftirilen doland\u0131r\u0131c\u0131l\u0131k olaylar\u0131na kar\u015f\u0131 jandarma ekipleri taraf\u0131ndan bilgilendirildi. Bozdo\u011fan \u0130l\u00e7e Jandarma Komutanl\u0131\u011f\u0131 ekipleri, kendilerini kamu g\u00f6revlisi olarak tan\u0131tan ve ziynet e\u015fyas\u0131, d\u00f6viz ya da para talebinde bulunan \u015fah\u0131slara kar\u015f\u0131 dikkatli olunmas\u0131 y\u00f6n\u00fcnde uyar\u0131larda bulundu. Ayr\u0131ca sahte ilanlarla yap\u0131lan doland\u0131r\u0131c\u0131l\u0131klara kar\u015f\u0131 da vatanda\u015flara bilgi verildi. Ekipler,&#8230;<\/p>\n","protected":false},"author":1,"featured_media":46451,"comment_status":"open","ping_status":"open","sticky":false,"template":"","format":"standard","meta":{"_crdt_document":"","footnotes":""},"categories":[1],"tags":[],"class_list":["post-46450","post","type-post","status-publish","format-standard","has-post-thumbnail","hentry","category-guncel"],"_links":{"self":[{"href":"https:\/\/www.egemtv.com\/index.php?rest_route=\/wp\/v2\/posts\/46450","targetHints":{"allow":["GET"]}}],"collection":[{"href":"https:\/\/www.egemtv.com\/index.php?rest_route=\/wp\/v2\/posts"}],"about":[{"href":"https:\/\/www.egemtv.com\/index.php?rest_route=\/wp\/v2\/types\/post"}],"author":[{"embeddable":true,"href":"https:\/\/www.egemtv.com\/index.php?rest_route=\/wp\/v2\/users\/1"}],"replies":[{"embeddable":true,"href":"https:\/\/www.egemtv.com\/index.php?rest_route=%2Fwp%2Fv2%2Fcomments&post=46450"}],"version-history":[{"count":1,"href":"https:\/\/www.egemtv.com\/index.php?rest_route=\/wp\/v2\/posts\/46450\/revisions"}],"predecessor-version":[{"id":46452,"href":"https:\/\/www.egemtv.com\/index.php?rest_route=\/wp\/v2\/posts\/46450\/revisions\/46452"}],"wp:featuredmedia":[{"embeddable":true,"href":"https:\/\/www.egemtv.com\/index.php?rest_route=\/wp\/v2\/media\/46451"}],"wp:attachment":[{"href":"https:\/\/www.egemtv.com\/index.php?rest_route=%2Fwp%2Fv2%2Fmedia&parent=46450"}],"wp:term":[{"taxonomy":"category","embeddable":true,"href":"https:\/\/www.egemtv.com\/index.php?rest_route=%2Fwp%2Fv2%2Fcategories&post=46450"},{"taxonomy":"post_tag","embeddable":true,"href":"https:\/\/www.egemtv.com\/index.php?rest_route=%2Fwp%2Fv2%2Ftags&post=46450"}],"curies":[{"name":"wp","href":"https:\/\/api.w.org\/{rel}","templated":true}]}}