{"id":46447,"date":"2025-08-03T12:15:22","date_gmt":"2025-08-03T09:15:22","guid":{"rendered":"https:\/\/www.egemtv.com\/?p=46447"},"modified":"2025-08-03T12:15:22","modified_gmt":"2025-08-03T09:15:22","slug":"kuyucakta-85-surucu-adayi-trafik-konusunda-bilgilendirildi","status":"publish","type":"post","link":"https:\/\/www.egemtv.com\/?p=46447","title":{"rendered":"Kuyucak\u2019ta 85 s\u00fcr\u00fcc\u00fc aday\u0131 trafik konusunda bilgilendirildi"},"content":{"rendered":"<p>Ayd\u0131n \u0130l Jandarma Komutanl\u0131\u011f\u0131 Trafik \u015eube M\u00fcd\u00fcrl\u00fc\u011f\u00fc koordinesinde g\u00f6rev yapan Trafik Jandarmas\u0131 ekipleri, Kuyucak il\u00e7esindeki iki s\u00fcr\u00fcc\u00fc kursunda e\u011fitim g\u00f6ren 85 \u00f6\u011frenciye y\u00f6nelik trafik e\u011fitimi ger\u00e7ekle\u015ftirdi.<\/p>\n<p>S\u00fcr\u00fcc\u00fc adaylar\u0131na; trafik kurallar\u0131, kask kullan\u0131m\u0131, reflektif yelek giyilmesi, koruyucu tertibat kullan\u0131m\u0131, s\u00fcr\u00fcc\u00fc belgeleri ve h\u0131z s\u0131n\u0131rlar\u0131 ba\u015fta olmak \u00fczere bir\u00e7ok konuda teorik e\u011fitim verildi. E\u011fitimde, trafik g\u00fcvenli\u011finin sa\u011flanmas\u0131nda bireysel sorumlulu\u011fun \u00f6nemi vurguland\u0131. Trafik Jandarmas\u0131 taraf\u0131ndan verilen e\u011fitimlerde s\u00fcr\u00fcc\u00fc adaylar\u0131na emniyetli s\u00fcr\u00fc\u015f teknikleri de anlat\u0131larak, kazalar\u0131n \u00f6nlenmesine y\u00f6nelik bilgilendirme yap\u0131ld\u0131. Jandarma ekipleri, benzer e\u011fitimlerin y\u0131l boyunca farkl\u0131 b\u00f6lgelerde s\u00fcrd\u00fcr\u00fclece\u011fini belirtti.<br \/><\/p>\n","protected":false},"excerpt":{"rendered":"<p>Ayd\u0131n \u0130l Jandarma Komutanl\u0131\u011f\u0131 Trafik \u015eube M\u00fcd\u00fcrl\u00fc\u011f\u00fc koordinesinde g\u00f6rev yapan Trafik Jandarmas\u0131 ekipleri, Kuyucak il\u00e7esindeki iki s\u00fcr\u00fcc\u00fc kursunda e\u011fitim g\u00f6ren 85 \u00f6\u011frenciye y\u00f6nelik trafik e\u011fitimi ger\u00e7ekle\u015ftirdi. S\u00fcr\u00fcc\u00fc adaylar\u0131na; trafik kurallar\u0131, kask kullan\u0131m\u0131, reflektif yelek giyilmesi, koruyucu tertibat kullan\u0131m\u0131, s\u00fcr\u00fcc\u00fc belgeleri ve h\u0131z s\u0131n\u0131rlar\u0131 ba\u015fta olmak \u00fczere bir\u00e7ok konuda teorik e\u011fitim verildi. E\u011fitimde, trafik g\u00fcvenli\u011finin sa\u011flanmas\u0131nda&#8230;<\/p>\n","protected":false},"author":1,"featured_media":46448,"comment_status":"open","ping_status":"open","sticky":false,"template":"","format":"standard","meta":{"_crdt_document":"","footnotes":""},"categories":[1],"tags":[],"class_list":["post-46447","post","type-post","status-publish","format-standard","has-post-thumbnail","hentry","category-guncel"],"_links":{"self":[{"href":"https:\/\/www.egemtv.com\/index.php?rest_route=\/wp\/v2\/posts\/46447","targetHints":{"allow":["GET"]}}],"collection":[{"href":"https:\/\/www.egemtv.com\/index.php?rest_route=\/wp\/v2\/posts"}],"about":[{"href":"https:\/\/www.egemtv.com\/index.php?rest_route=\/wp\/v2\/types\/post"}],"author":[{"embeddable":true,"href":"https:\/\/www.egemtv.com\/index.php?rest_route=\/wp\/v2\/users\/1"}],"replies":[{"embeddable":true,"href":"https:\/\/www.egemtv.com\/index.php?rest_route=%2Fwp%2Fv2%2Fcomments&post=46447"}],"version-history":[{"count":1,"href":"https:\/\/www.egemtv.com\/index.php?rest_route=\/wp\/v2\/posts\/46447\/revisions"}],"predecessor-version":[{"id":46449,"href":"https:\/\/www.egemtv.com\/index.php?rest_route=\/wp\/v2\/posts\/46447\/revisions\/46449"}],"wp:featuredmedia":[{"embeddable":true,"href":"https:\/\/www.egemtv.com\/index.php?rest_route=\/wp\/v2\/media\/46448"}],"wp:attachment":[{"href":"https:\/\/www.egemtv.com\/index.php?rest_route=%2Fwp%2Fv2%2Fmedia&parent=46447"}],"wp:term":[{"taxonomy":"category","embeddable":true,"href":"https:\/\/www.egemtv.com\/index.php?rest_route=%2Fwp%2Fv2%2Fcategories&post=46447"},{"taxonomy":"post_tag","embeddable":true,"href":"https:\/\/www.egemtv.com\/index.php?rest_route=%2Fwp%2Fv2%2Ftags&post=46447"}],"curies":[{"name":"wp","href":"https:\/\/api.w.org\/{rel}","templated":true}]}}