{"id":46441,"date":"2025-08-03T11:16:40","date_gmt":"2025-08-03T08:16:40","guid":{"rendered":"https:\/\/www.egemtv.com\/?p=46441"},"modified":"2025-08-03T11:16:41","modified_gmt":"2025-08-03T08:16:41","slug":"goztepe-hazirlik-maclarini-kazanmaya-devam-ediyor","status":"publish","type":"post","link":"https:\/\/www.egemtv.com\/?p=46441","title":{"rendered":"G\u00f6ztepe, haz\u0131rl\u0131k ma\u00e7lar\u0131n\u0131 kazanmaya devam ediyor"},"content":{"rendered":"<p>Yeni sezon haz\u0131rl\u0131klar\u0131 kapsam\u0131nda 6 ma\u00e7a \u00e7\u0131kan G\u00f6ztepe, bu ma\u00e7lar\u0131n 4\u2019\u00fcn\u00fc kazan\u0131rken, di\u011fer 2 kar\u015f\u0131la\u015fmada ise 1 beraberlik ve 1 ma\u011flubiyet ald\u0131.<br \/>\n<br \/>Trendyol S\u00fcper Lig\u2019in iddial\u0131 ekiplerinden G\u00f6ztepe, yeni sezon haz\u0131rl\u0131klar\u0131n\u0131 s\u00fcrd\u00fcrmeye devam ediyor. \u0130lk etap \u00e7al\u0131\u015fmalar\u0131na Adnan S\u00fcvari Tesisleri\u2019nde 29 Haziran\u2019da ba\u015flayan \u0130zmir temsilcisi, ard\u0131ndan kamp i\u00e7in Slovenya\u2019ya gitti. L\u00fcbliyana\u2019da 4 haz\u0131rl\u0131k ma\u00e7\u0131na \u00e7\u0131kan Stanimir Stoilov\u2019un \u00f6\u011frencileri; Rijeka ve Kryvbas KR kar\u015f\u0131s\u0131nda galibiyet elde ederken, Vukovar ile berabere kald\u0131. Sar\u0131-k\u0131rm\u0131z\u0131l\u0131lar, tek yenilgisini ise CSKA 1948 kar\u015f\u0131s\u0131nda ald\u0131.<br \/>\n<br \/>Slovenya kamp\u0131n\u0131 tamamlad\u0131ktan sonra \u0130zmir\u2019e d\u00f6nen G\u00f6ztepe, haz\u0131rl\u0131klar\u0131n\u0131 Adnan S\u00fcvari Tesisleri\u2019nde s\u00fcrd\u00fcrmeye devam etti. Daha sonra haz\u0131rl\u0131k ma\u00e7\u0131nda bir di\u011fer S\u00fcper Lig ekibi olan Antalyaspor ile kar\u015f\u0131la\u015fan sar\u0131-k\u0131rm\u0131z\u0131l\u0131lar, sahadan 1-0\u2019l\u0131k skorla galip ayr\u0131larak bu s\u00fcre\u00e7teki \u00fc\u00e7\u00fcnc\u00fc galibiyetini elde etti.<br \/>\n<br \/>Son olarak 1. Lig ekiplerinden Manisa FK ile kar\u015f\u0131 kar\u015f\u0131ya geldi ve rakibini 6-0\u2019l\u0131k skorla ma\u011flup ederek taraftar\u0131n\u0131 bir kez daha mutlu etmeyi ba\u015fard\u0131.<br \/><\/p>\n","protected":false},"excerpt":{"rendered":"<p>Yeni sezon haz\u0131rl\u0131klar\u0131 kapsam\u0131nda 6 ma\u00e7a \u00e7\u0131kan G\u00f6ztepe, bu ma\u00e7lar\u0131n 4\u2019\u00fcn\u00fc kazan\u0131rken, di\u011fer 2 kar\u015f\u0131la\u015fmada ise 1 beraberlik ve 1 ma\u011flubiyet ald\u0131. Trendyol S\u00fcper Lig\u2019in iddial\u0131 ekiplerinden G\u00f6ztepe, yeni sezon haz\u0131rl\u0131klar\u0131n\u0131 s\u00fcrd\u00fcrmeye devam ediyor. \u0130lk etap \u00e7al\u0131\u015fmalar\u0131na Adnan S\u00fcvari Tesisleri\u2019nde 29 Haziran\u2019da ba\u015flayan \u0130zmir temsilcisi, ard\u0131ndan kamp i\u00e7in Slovenya\u2019ya gitti. L\u00fcbliyana\u2019da 4 haz\u0131rl\u0131k ma\u00e7\u0131na \u00e7\u0131kan&#8230;<\/p>\n","protected":false},"author":1,"featured_media":46442,"comment_status":"open","ping_status":"open","sticky":false,"template":"","format":"standard","meta":{"_crdt_document":"","footnotes":""},"categories":[4],"tags":[],"class_list":["post-46441","post","type-post","status-publish","format-standard","has-post-thumbnail","hentry","category-spor"],"_links":{"self":[{"href":"https:\/\/www.egemtv.com\/index.php?rest_route=\/wp\/v2\/posts\/46441","targetHints":{"allow":["GET"]}}],"collection":[{"href":"https:\/\/www.egemtv.com\/index.php?rest_route=\/wp\/v2\/posts"}],"about":[{"href":"https:\/\/www.egemtv.com\/index.php?rest_route=\/wp\/v2\/types\/post"}],"author":[{"embeddable":true,"href":"https:\/\/www.egemtv.com\/index.php?rest_route=\/wp\/v2\/users\/1"}],"replies":[{"embeddable":true,"href":"https:\/\/www.egemtv.com\/index.php?rest_route=%2Fwp%2Fv2%2Fcomments&post=46441"}],"version-history":[{"count":1,"href":"https:\/\/www.egemtv.com\/index.php?rest_route=\/wp\/v2\/posts\/46441\/revisions"}],"predecessor-version":[{"id":46443,"href":"https:\/\/www.egemtv.com\/index.php?rest_route=\/wp\/v2\/posts\/46441\/revisions\/46443"}],"wp:featuredmedia":[{"embeddable":true,"href":"https:\/\/www.egemtv.com\/index.php?rest_route=\/wp\/v2\/media\/46442"}],"wp:attachment":[{"href":"https:\/\/www.egemtv.com\/index.php?rest_route=%2Fwp%2Fv2%2Fmedia&parent=46441"}],"wp:term":[{"taxonomy":"category","embeddable":true,"href":"https:\/\/www.egemtv.com\/index.php?rest_route=%2Fwp%2Fv2%2Fcategories&post=46441"},{"taxonomy":"post_tag","embeddable":true,"href":"https:\/\/www.egemtv.com\/index.php?rest_route=%2Fwp%2Fv2%2Ftags&post=46441"}],"curies":[{"name":"wp","href":"https:\/\/api.w.org\/{rel}","templated":true}]}}