{"id":46438,"date":"2025-08-03T11:16:39","date_gmt":"2025-08-03T08:16:39","guid":{"rendered":"https:\/\/www.egemtv.com\/?p=46438"},"modified":"2025-08-03T11:16:39","modified_gmt":"2025-08-03T08:16:39","slug":"didimde-sagliksiz-gidaya-gecit-yok","status":"publish","type":"post","link":"https:\/\/www.egemtv.com\/?p=46438","title":{"rendered":"Didim\u2019de sa\u011fl\u0131ks\u0131z g\u0131daya ge\u00e7it yok"},"content":{"rendered":"<p>Ayd\u0131n\u2019\u0131n Didim il\u00e7esinde Tar\u0131m ve Orman M\u00fcd\u00fcrl\u00fc\u011f\u00fc ekipleri, vatanda\u015flar\u0131n sa\u011fl\u0131kl\u0131 g\u0131daya ula\u015fmas\u0131n\u0131 sa\u011flamak amac\u0131yla gece saatlerinde i\u015fletmelere y\u00f6nelik denetim ger\u00e7ekle\u015ftirdi.<\/p>\n<p>Gece boyunca s\u00fcren kontrollerde; \u00f6zellikle \u00fcretim, sat\u0131\u015f ve toplu t\u00fcketim yerlerinde hijyen kurallar\u0131, \u00fcr\u00fcnlerin muhafaza \u015fartlar\u0131 ve mevzuata uygunluk kriterleri titizlikle incelendi. Vatanda\u015flar\u0131n sa\u011fl\u0131\u011f\u0131n\u0131 tehdit edebilecek herhangi bir olumsuzlu\u011fa kar\u015f\u0131 i\u015fletmeler uyar\u0131ld\u0131. Didim \u0130l\u00e7e Tar\u0131m ve Orman M\u00fcd\u00fcrl\u00fc\u011f\u00fc\u2019nden yap\u0131lan a\u00e7\u0131klamada, &#8220;G\u0131da denetim ve kontrol ekiplerimiz taraf\u0131ndan 5996 say\u0131l\u0131 kanun kapsam\u0131nda gece i\u015fletmelere denetimler ger\u00e7ekle\u015ftirilmi\u015ftir&#8221; ifadelerine yer verildi. Yetkililer, g\u0131da g\u00fcvenli\u011fi ve halk sa\u011fl\u0131\u011f\u0131 i\u00e7in denetimlerin kararl\u0131l\u0131kla s\u00fcrd\u00fcr\u00fclece\u011fini vurgulad\u0131.<br \/><\/p>\n","protected":false},"excerpt":{"rendered":"<p>Ayd\u0131n\u2019\u0131n Didim il\u00e7esinde Tar\u0131m ve Orman M\u00fcd\u00fcrl\u00fc\u011f\u00fc ekipleri, vatanda\u015flar\u0131n sa\u011fl\u0131kl\u0131 g\u0131daya ula\u015fmas\u0131n\u0131 sa\u011flamak amac\u0131yla gece saatlerinde i\u015fletmelere y\u00f6nelik denetim ger\u00e7ekle\u015ftirdi. Gece boyunca s\u00fcren kontrollerde; \u00f6zellikle \u00fcretim, sat\u0131\u015f ve toplu t\u00fcketim yerlerinde hijyen kurallar\u0131, \u00fcr\u00fcnlerin muhafaza \u015fartlar\u0131 ve mevzuata uygunluk kriterleri titizlikle incelendi. Vatanda\u015flar\u0131n sa\u011fl\u0131\u011f\u0131n\u0131 tehdit edebilecek herhangi bir olumsuzlu\u011fa kar\u015f\u0131 i\u015fletmeler uyar\u0131ld\u0131. Didim \u0130l\u00e7e Tar\u0131m&#8230;<\/p>\n","protected":false},"author":1,"featured_media":46439,"comment_status":"open","ping_status":"open","sticky":false,"template":"","format":"standard","meta":{"_crdt_document":"","footnotes":""},"categories":[1],"tags":[],"class_list":["post-46438","post","type-post","status-publish","format-standard","has-post-thumbnail","hentry","category-guncel"],"_links":{"self":[{"href":"https:\/\/www.egemtv.com\/index.php?rest_route=\/wp\/v2\/posts\/46438","targetHints":{"allow":["GET"]}}],"collection":[{"href":"https:\/\/www.egemtv.com\/index.php?rest_route=\/wp\/v2\/posts"}],"about":[{"href":"https:\/\/www.egemtv.com\/index.php?rest_route=\/wp\/v2\/types\/post"}],"author":[{"embeddable":true,"href":"https:\/\/www.egemtv.com\/index.php?rest_route=\/wp\/v2\/users\/1"}],"replies":[{"embeddable":true,"href":"https:\/\/www.egemtv.com\/index.php?rest_route=%2Fwp%2Fv2%2Fcomments&post=46438"}],"version-history":[{"count":1,"href":"https:\/\/www.egemtv.com\/index.php?rest_route=\/wp\/v2\/posts\/46438\/revisions"}],"predecessor-version":[{"id":46440,"href":"https:\/\/www.egemtv.com\/index.php?rest_route=\/wp\/v2\/posts\/46438\/revisions\/46440"}],"wp:featuredmedia":[{"embeddable":true,"href":"https:\/\/www.egemtv.com\/index.php?rest_route=\/wp\/v2\/media\/46439"}],"wp:attachment":[{"href":"https:\/\/www.egemtv.com\/index.php?rest_route=%2Fwp%2Fv2%2Fmedia&parent=46438"}],"wp:term":[{"taxonomy":"category","embeddable":true,"href":"https:\/\/www.egemtv.com\/index.php?rest_route=%2Fwp%2Fv2%2Fcategories&post=46438"},{"taxonomy":"post_tag","embeddable":true,"href":"https:\/\/www.egemtv.com\/index.php?rest_route=%2Fwp%2Fv2%2Ftags&post=46438"}],"curies":[{"name":"wp","href":"https:\/\/api.w.org\/{rel}","templated":true}]}}