{"id":46435,"date":"2025-08-03T10:55:34","date_gmt":"2025-08-03T07:55:34","guid":{"rendered":"https:\/\/www.egemtv.com\/?p=46435"},"modified":"2025-08-03T10:55:34","modified_gmt":"2025-08-03T07:55:34","slug":"sokede-havadan-trafik-denetimi","status":"publish","type":"post","link":"https:\/\/www.egemtv.com\/?p=46435","title":{"rendered":"S\u00f6ke\u2019de havadan trafik denetimi"},"content":{"rendered":"<p>Ayd\u0131n\u2019\u0131n S\u00f6ke il\u00e7esinde trafik kazalar\u0131n\u0131n \u00f6n\u00fcne ge\u00e7mek amac\u0131yla jandarma ekipleri taraf\u0131ndan havadan trafik denetimi ger\u00e7ekle\u015ftirildi. Denetimlerde 335 ara\u00e7 kontrol edilirken, kurallara uymayan s\u00fcr\u00fcc\u00fclere idari para cezas\u0131 uyguland\u0131.<\/p>\n<p>S\u00f6ke \u0130l\u00e7e Jandarma Komutanl\u0131\u011f\u0131 Trafik Jandarmas\u0131 taraf\u0131ndan, trafik kazalar\u0131ndan kaynaklanan yaralanmalar\u0131 en aza indirmek ve s\u00fcr\u00fcc\u00fclerin trafik kurallar\u0131na uymas\u0131n\u0131 sa\u011flamak amac\u0131yla 2 A\u011fustos 2025 g\u00fcn\u00fc S\u00f6ke il\u00e7esi A\u011fa\u00e7l\u0131 Mahallesi giri\u015finde havadan trafik denetimi yap\u0131ld\u0131. Denetimlerde 335 ara\u00e7 kontrol edilirken, 210 s\u00fcr\u00fcc\u00fc sorguland\u0131. Kurallara uymayan s\u00fcr\u00fcc\u00fclere ise idari trafik para cezas\u0131 uyguland\u0131. Jandarma ekipleri, vatanda\u015flar\u0131n g\u00fcvenli bir \u015fekilde yolculuk yapmalar\u0131n\u0131 sa\u011flamak amac\u0131yla denetimlerin aral\u0131ks\u0131z s\u00fcrece\u011fini belirtti.<br \/><\/p>\n","protected":false},"excerpt":{"rendered":"<p>Ayd\u0131n\u2019\u0131n S\u00f6ke il\u00e7esinde trafik kazalar\u0131n\u0131n \u00f6n\u00fcne ge\u00e7mek amac\u0131yla jandarma ekipleri taraf\u0131ndan havadan trafik denetimi ger\u00e7ekle\u015ftirildi. Denetimlerde 335 ara\u00e7 kontrol edilirken, kurallara uymayan s\u00fcr\u00fcc\u00fclere idari para cezas\u0131 uyguland\u0131. S\u00f6ke \u0130l\u00e7e Jandarma Komutanl\u0131\u011f\u0131 Trafik Jandarmas\u0131 taraf\u0131ndan, trafik kazalar\u0131ndan kaynaklanan yaralanmalar\u0131 en aza indirmek ve s\u00fcr\u00fcc\u00fclerin trafik kurallar\u0131na uymas\u0131n\u0131 sa\u011flamak amac\u0131yla 2 A\u011fustos 2025 g\u00fcn\u00fc S\u00f6ke il\u00e7esi A\u011fa\u00e7l\u0131&#8230;<\/p>\n","protected":false},"author":1,"featured_media":46436,"comment_status":"open","ping_status":"open","sticky":false,"template":"","format":"standard","meta":{"_crdt_document":"","footnotes":""},"categories":[1],"tags":[],"class_list":["post-46435","post","type-post","status-publish","format-standard","has-post-thumbnail","hentry","category-guncel"],"_links":{"self":[{"href":"https:\/\/www.egemtv.com\/index.php?rest_route=\/wp\/v2\/posts\/46435","targetHints":{"allow":["GET"]}}],"collection":[{"href":"https:\/\/www.egemtv.com\/index.php?rest_route=\/wp\/v2\/posts"}],"about":[{"href":"https:\/\/www.egemtv.com\/index.php?rest_route=\/wp\/v2\/types\/post"}],"author":[{"embeddable":true,"href":"https:\/\/www.egemtv.com\/index.php?rest_route=\/wp\/v2\/users\/1"}],"replies":[{"embeddable":true,"href":"https:\/\/www.egemtv.com\/index.php?rest_route=%2Fwp%2Fv2%2Fcomments&post=46435"}],"version-history":[{"count":1,"href":"https:\/\/www.egemtv.com\/index.php?rest_route=\/wp\/v2\/posts\/46435\/revisions"}],"predecessor-version":[{"id":46437,"href":"https:\/\/www.egemtv.com\/index.php?rest_route=\/wp\/v2\/posts\/46435\/revisions\/46437"}],"wp:featuredmedia":[{"embeddable":true,"href":"https:\/\/www.egemtv.com\/index.php?rest_route=\/wp\/v2\/media\/46436"}],"wp:attachment":[{"href":"https:\/\/www.egemtv.com\/index.php?rest_route=%2Fwp%2Fv2%2Fmedia&parent=46435"}],"wp:term":[{"taxonomy":"category","embeddable":true,"href":"https:\/\/www.egemtv.com\/index.php?rest_route=%2Fwp%2Fv2%2Fcategories&post=46435"},{"taxonomy":"post_tag","embeddable":true,"href":"https:\/\/www.egemtv.com\/index.php?rest_route=%2Fwp%2Fv2%2Ftags&post=46435"}],"curies":[{"name":"wp","href":"https:\/\/api.w.org\/{rel}","templated":true}]}}