{"id":46432,"date":"2025-08-03T10:55:33","date_gmt":"2025-08-03T07:55:33","guid":{"rendered":"https:\/\/www.egemtv.com\/?p=46432"},"modified":"2025-08-03T10:55:34","modified_gmt":"2025-08-03T07:55:34","slug":"didim-merkezli-uyusturucu-operasyonu-1-tutuklama","status":"publish","type":"post","link":"https:\/\/www.egemtv.com\/?p=46432","title":{"rendered":"Didim merkezli uyu\u015fturucu operasyonu: 1 tutuklama"},"content":{"rendered":"<p>Ayd\u0131n\u2019\u0131n Didim il\u00e7esinde jandarma ekiplerinin uyu\u015fturucu madde imal ve ticaretine y\u00f6nelik ger\u00e7ekle\u015ftirdi\u011fi e\u015f zamanl\u0131 operasyonda 22 gram kokain, 35 gram metamfetamin ve 2 cep telefonu ele ge\u00e7irildi. Operasyon kapsam\u0131nda g\u00f6zalt\u0131na al\u0131nan \u015f\u00fcphelilerden biri tutuklanarak cezaevine g\u00f6nderildi.<br \/>\n<br \/>Edinilen bilgiye g\u00f6re, Didim \u0130l\u00e7e Jandarma Komutanl\u0131\u011f\u0131 ekipleri taraf\u0131ndan y\u00fcr\u00fct\u00fclen \u00e7al\u0131\u015fma kapsam\u0131nda Didim il\u00e7esinde M.A. ve \u015eanl\u0131urfa\u2019da da \u015e.G. isimli \u015f\u00fcphelilere y\u00f6nelik e\u015f zamanl\u0131 operasyon d\u00fczenlendi. \u015e\u00fcphelilerin ikamet adreslerinde ve bir ara\u00e7ta yap\u0131lan aramalarda 22 gram kokain, 35 gram metamfetamin ve 2 cep telefonu ele ge\u00e7irildi. \u015eanl\u0131urfa\u2019da yakalanan \u015e.G., \u00e7\u0131kar\u0131ld\u0131\u011f\u0131 adli makamlarca tutuklanarak ceza infaz kurumuna teslim edilirken, Didim\u2019de yakalanan M.A. ise adli kontrol \u015fart\u0131yla serbest b\u0131rak\u0131ld\u0131.<br \/><\/p>\n","protected":false},"excerpt":{"rendered":"<p>Ayd\u0131n\u2019\u0131n Didim il\u00e7esinde jandarma ekiplerinin uyu\u015fturucu madde imal ve ticaretine y\u00f6nelik ger\u00e7ekle\u015ftirdi\u011fi e\u015f zamanl\u0131 operasyonda 22 gram kokain, 35 gram metamfetamin ve 2 cep telefonu ele ge\u00e7irildi. Operasyon kapsam\u0131nda g\u00f6zalt\u0131na al\u0131nan \u015f\u00fcphelilerden biri tutuklanarak cezaevine g\u00f6nderildi. Edinilen bilgiye g\u00f6re, Didim \u0130l\u00e7e Jandarma Komutanl\u0131\u011f\u0131 ekipleri taraf\u0131ndan y\u00fcr\u00fct\u00fclen \u00e7al\u0131\u015fma kapsam\u0131nda Didim il\u00e7esinde M.A. ve \u015eanl\u0131urfa\u2019da da \u015e.G&#8230;.<\/p>\n","protected":false},"author":1,"featured_media":46433,"comment_status":"open","ping_status":"open","sticky":false,"template":"","format":"standard","meta":{"_crdt_document":"","footnotes":""},"categories":[5],"tags":[],"class_list":["post-46432","post","type-post","status-publish","format-standard","has-post-thumbnail","hentry","category-asayis"],"_links":{"self":[{"href":"https:\/\/www.egemtv.com\/index.php?rest_route=\/wp\/v2\/posts\/46432","targetHints":{"allow":["GET"]}}],"collection":[{"href":"https:\/\/www.egemtv.com\/index.php?rest_route=\/wp\/v2\/posts"}],"about":[{"href":"https:\/\/www.egemtv.com\/index.php?rest_route=\/wp\/v2\/types\/post"}],"author":[{"embeddable":true,"href":"https:\/\/www.egemtv.com\/index.php?rest_route=\/wp\/v2\/users\/1"}],"replies":[{"embeddable":true,"href":"https:\/\/www.egemtv.com\/index.php?rest_route=%2Fwp%2Fv2%2Fcomments&post=46432"}],"version-history":[{"count":1,"href":"https:\/\/www.egemtv.com\/index.php?rest_route=\/wp\/v2\/posts\/46432\/revisions"}],"predecessor-version":[{"id":46434,"href":"https:\/\/www.egemtv.com\/index.php?rest_route=\/wp\/v2\/posts\/46432\/revisions\/46434"}],"wp:featuredmedia":[{"embeddable":true,"href":"https:\/\/www.egemtv.com\/index.php?rest_route=\/wp\/v2\/media\/46433"}],"wp:attachment":[{"href":"https:\/\/www.egemtv.com\/index.php?rest_route=%2Fwp%2Fv2%2Fmedia&parent=46432"}],"wp:term":[{"taxonomy":"category","embeddable":true,"href":"https:\/\/www.egemtv.com\/index.php?rest_route=%2Fwp%2Fv2%2Fcategories&post=46432"},{"taxonomy":"post_tag","embeddable":true,"href":"https:\/\/www.egemtv.com\/index.php?rest_route=%2Fwp%2Fv2%2Ftags&post=46432"}],"curies":[{"name":"wp","href":"https:\/\/api.w.org\/{rel}","templated":true}]}}