{"id":46429,"date":"2025-08-03T10:35:56","date_gmt":"2025-08-03T07:35:56","guid":{"rendered":"https:\/\/www.egemtv.com\/?p=46429"},"modified":"2025-08-03T10:35:57","modified_gmt":"2025-08-03T07:35:57","slug":"cezaevi-firarisi-bahce-evinde-yakalandi","status":"publish","type":"post","link":"https:\/\/www.egemtv.com\/?p=46429","title":{"rendered":"Cezaevi firarisi bah\u00e7e evinde yakaland\u0131"},"content":{"rendered":"<p>\u0130zmir\u2019in Kemalpa\u015fa il\u00e7esinde jandarma ekiplerince bir bah\u00e7e evine d\u00fczenlenen operasyonda, hakk\u0131nda 27 y\u0131la yak\u0131n kesinle\u015fmi\u015f hapis cezas\u0131 bulunan cezaevi firarisi yakaland\u0131. Evde yap\u0131lan aramalarda ise ruhsats\u0131z silah ve bah\u00e7ede ekili bir \u015fekilde Hint keneviri ele ge\u00e7irildi.<br \/>\n<br \/>Kemalpa\u015fa il\u00e7esi \u00d6rnekk\u00f6y Mahallesi\u2019nde bir bah\u00e7e evinde sakland\u0131\u011f\u0131 tespit edilen A.S. (29) isimli \u015fahsa y\u00f6nelik jandarma ekipleri taraf\u0131ndan operasyon d\u00fczenlendi. Yap\u0131lan incelemede \u015fahs\u0131n, &#8220;gece vakti silahla ya\u011fma&#8221; ve &#8220;h\u00fck\u00fcml\u00fc ve tutuklunun ka\u00e7mas\u0131&#8221; su\u00e7lar\u0131ndan toplamda 27 y\u0131la yak\u0131n kesinle\u015fmi\u015f hapis cezas\u0131 bulundu\u011fu belirlendi.<br \/>\n<br \/>Bah\u00e7e evinde yap\u0131lan aramada bir adet ruhsats\u0131z pompal\u0131 t\u00fcfek, \u00e7ok say\u0131da kartu\u015f ve fi\u015fek, sentetik ecza haplar\u0131 ile bah\u00e7ede ekili halde Hint keneviri ele ge\u00e7irildi.<br \/>\n<br \/>G\u00f6zalt\u0131na al\u0131nan A.S., i\u015flemlerinin ard\u0131ndan adli makamlara sevk edilmek \u00fczere karakola g\u00f6t\u00fcr\u00fcld\u00fc. Olayla ilgili soru\u015fturma s\u00fcr\u00fcyor.<br \/><\/p>\n","protected":false},"excerpt":{"rendered":"<p>\u0130zmir\u2019in Kemalpa\u015fa il\u00e7esinde jandarma ekiplerince bir bah\u00e7e evine d\u00fczenlenen operasyonda, hakk\u0131nda 27 y\u0131la yak\u0131n kesinle\u015fmi\u015f hapis cezas\u0131 bulunan cezaevi firarisi yakaland\u0131. Evde yap\u0131lan aramalarda ise ruhsats\u0131z silah ve bah\u00e7ede ekili bir \u015fekilde Hint keneviri ele ge\u00e7irildi. Kemalpa\u015fa il\u00e7esi \u00d6rnekk\u00f6y Mahallesi\u2019nde bir bah\u00e7e evinde sakland\u0131\u011f\u0131 tespit edilen A.S. (29) isimli \u015fahsa y\u00f6nelik jandarma ekipleri taraf\u0131ndan operasyon&#8230;<\/p>\n","protected":false},"author":1,"featured_media":46430,"comment_status":"open","ping_status":"open","sticky":false,"template":"","format":"standard","meta":{"_crdt_document":"","footnotes":""},"categories":[5],"tags":[],"class_list":["post-46429","post","type-post","status-publish","format-standard","has-post-thumbnail","hentry","category-asayis"],"_links":{"self":[{"href":"https:\/\/www.egemtv.com\/index.php?rest_route=\/wp\/v2\/posts\/46429","targetHints":{"allow":["GET"]}}],"collection":[{"href":"https:\/\/www.egemtv.com\/index.php?rest_route=\/wp\/v2\/posts"}],"about":[{"href":"https:\/\/www.egemtv.com\/index.php?rest_route=\/wp\/v2\/types\/post"}],"author":[{"embeddable":true,"href":"https:\/\/www.egemtv.com\/index.php?rest_route=\/wp\/v2\/users\/1"}],"replies":[{"embeddable":true,"href":"https:\/\/www.egemtv.com\/index.php?rest_route=%2Fwp%2Fv2%2Fcomments&post=46429"}],"version-history":[{"count":1,"href":"https:\/\/www.egemtv.com\/index.php?rest_route=\/wp\/v2\/posts\/46429\/revisions"}],"predecessor-version":[{"id":46431,"href":"https:\/\/www.egemtv.com\/index.php?rest_route=\/wp\/v2\/posts\/46429\/revisions\/46431"}],"wp:featuredmedia":[{"embeddable":true,"href":"https:\/\/www.egemtv.com\/index.php?rest_route=\/wp\/v2\/media\/46430"}],"wp:attachment":[{"href":"https:\/\/www.egemtv.com\/index.php?rest_route=%2Fwp%2Fv2%2Fmedia&parent=46429"}],"wp:term":[{"taxonomy":"category","embeddable":true,"href":"https:\/\/www.egemtv.com\/index.php?rest_route=%2Fwp%2Fv2%2Fcategories&post=46429"},{"taxonomy":"post_tag","embeddable":true,"href":"https:\/\/www.egemtv.com\/index.php?rest_route=%2Fwp%2Fv2%2Ftags&post=46429"}],"curies":[{"name":"wp","href":"https:\/\/api.w.org\/{rel}","templated":true}]}}