{"id":46426,"date":"2025-08-03T09:14:51","date_gmt":"2025-08-03T06:14:51","guid":{"rendered":"https:\/\/www.egemtv.com\/?p=46426"},"modified":"2025-08-03T09:14:52","modified_gmt":"2025-08-03T06:14:52","slug":"baskan-ercan-ilcemizin-eksiklerini-bir-bir-gideriyoruz","status":"publish","type":"post","link":"https:\/\/www.egemtv.com\/?p=46426","title":{"rendered":"Ba\u015fkan Ercan: &#8220;\u0130l\u00e7emizin eksiklerini bir bir gideriyoruz&#8221;"},"content":{"rendered":"<p>Yenipazar Belediyesi taziye, bayram ve t\u00f6ren gibi etkinliklerde kullan\u0131lmak \u00fczere \u00e7ok ama\u00e7l\u0131 \u00e7ad\u0131rlar yapt\u0131r\u0131ld\u0131.<\/p>\n<p>Ayd\u0131n\u2019\u0131n Yenipazar il\u00e7esinde belediye, vatanda\u015flar\u0131n taleplerine y\u00f6nelik \u00e7al\u0131\u015fmalar\u0131n\u0131 s\u00fcrd\u00fcr\u00fcyor. Yenipazar Belediyesi, \u00f6zellikle taziye, bayram ve t\u00f6ren gibi organizasyonlarda kullan\u0131lmak \u00fczere \u00e7ok ama\u00e7l\u0131 \u00e7ad\u0131rlar\u0131 hizmete sundu. Yenipazar Belediye Ba\u015fkan\u0131 Malik Ercan \u00e7ad\u0131rlar\u0131n ihtiyac\u0131 kar\u015f\u0131layaca\u011f\u0131n\u0131 ifade ederek, &#8220;\u0130l\u00e7emizin ihtiya\u00e7lar\u0131n\u0131 kar\u015f\u0131lamaya devam ediyoruz. Bu kapsamda, vatanda\u015flar\u0131m\u0131z\u0131n \u00f6zellikle taziyelerde kullan\u0131labilece\u011fi \u00e7ad\u0131rlar yapt\u0131rd\u0131k. \u00c7ad\u0131rlar ayr\u0131ca bayram ve t\u00f6renlerde de kullan\u0131lacak. \u0130l\u00e7emizin eksikliklerini gidermeyi s\u00fcrd\u00fcrece\u011fiz&#8221; dedi.<br \/><\/p>\n","protected":false},"excerpt":{"rendered":"<p>Yenipazar Belediyesi taziye, bayram ve t\u00f6ren gibi etkinliklerde kullan\u0131lmak \u00fczere \u00e7ok ama\u00e7l\u0131 \u00e7ad\u0131rlar yapt\u0131r\u0131ld\u0131. Ayd\u0131n\u2019\u0131n Yenipazar il\u00e7esinde belediye, vatanda\u015flar\u0131n taleplerine y\u00f6nelik \u00e7al\u0131\u015fmalar\u0131n\u0131 s\u00fcrd\u00fcr\u00fcyor. Yenipazar Belediyesi, \u00f6zellikle taziye, bayram ve t\u00f6ren gibi organizasyonlarda kullan\u0131lmak \u00fczere \u00e7ok ama\u00e7l\u0131 \u00e7ad\u0131rlar\u0131 hizmete sundu. Yenipazar Belediye Ba\u015fkan\u0131 Malik Ercan \u00e7ad\u0131rlar\u0131n ihtiyac\u0131 kar\u015f\u0131layaca\u011f\u0131n\u0131 ifade ederek, &#8220;\u0130l\u00e7emizin ihtiya\u00e7lar\u0131n\u0131 kar\u015f\u0131lamaya devam ediyoruz. Bu&#8230;<\/p>\n","protected":false},"author":1,"featured_media":46427,"comment_status":"open","ping_status":"open","sticky":false,"template":"","format":"standard","meta":{"_crdt_document":"","footnotes":""},"categories":[1],"tags":[],"class_list":["post-46426","post","type-post","status-publish","format-standard","has-post-thumbnail","hentry","category-guncel"],"_links":{"self":[{"href":"https:\/\/www.egemtv.com\/index.php?rest_route=\/wp\/v2\/posts\/46426","targetHints":{"allow":["GET"]}}],"collection":[{"href":"https:\/\/www.egemtv.com\/index.php?rest_route=\/wp\/v2\/posts"}],"about":[{"href":"https:\/\/www.egemtv.com\/index.php?rest_route=\/wp\/v2\/types\/post"}],"author":[{"embeddable":true,"href":"https:\/\/www.egemtv.com\/index.php?rest_route=\/wp\/v2\/users\/1"}],"replies":[{"embeddable":true,"href":"https:\/\/www.egemtv.com\/index.php?rest_route=%2Fwp%2Fv2%2Fcomments&post=46426"}],"version-history":[{"count":1,"href":"https:\/\/www.egemtv.com\/index.php?rest_route=\/wp\/v2\/posts\/46426\/revisions"}],"predecessor-version":[{"id":46428,"href":"https:\/\/www.egemtv.com\/index.php?rest_route=\/wp\/v2\/posts\/46426\/revisions\/46428"}],"wp:featuredmedia":[{"embeddable":true,"href":"https:\/\/www.egemtv.com\/index.php?rest_route=\/wp\/v2\/media\/46427"}],"wp:attachment":[{"href":"https:\/\/www.egemtv.com\/index.php?rest_route=%2Fwp%2Fv2%2Fmedia&parent=46426"}],"wp:term":[{"taxonomy":"category","embeddable":true,"href":"https:\/\/www.egemtv.com\/index.php?rest_route=%2Fwp%2Fv2%2Fcategories&post=46426"},{"taxonomy":"post_tag","embeddable":true,"href":"https:\/\/www.egemtv.com\/index.php?rest_route=%2Fwp%2Fv2%2Ftags&post=46426"}],"curies":[{"name":"wp","href":"https:\/\/api.w.org\/{rel}","templated":true}]}}