{"id":46423,"date":"2025-08-03T08:34:29","date_gmt":"2025-08-03T05:34:29","guid":{"rendered":"https:\/\/www.egemtv.com\/?p=46423"},"modified":"2025-08-03T08:34:30","modified_gmt":"2025-08-03T05:34:30","slug":"vali-aktas-yaz-kuran-kursunu-ziyaret-etti","status":"publish","type":"post","link":"https:\/\/www.egemtv.com\/?p=46423","title":{"rendered":"Vali Akta\u015f, Yaz Kur\u2019an kursunu ziyaret etti"},"content":{"rendered":"<p>U\u015fak Valisi Naci Akta\u015f, Diyanet \u0130\u015fleri Ba\u015fkanl\u0131\u011f\u0131 taraf\u0131ndan her y\u0131l d\u00fczenlenen Yaz Kur\u2019an kursunda camide e\u011fitim g\u00f6ren \u00f6\u011frencileri ziyaret etti.<br \/>\n<br \/>ValiNaci Akta\u015f, Diyanet \u0130\u015fleri Ba\u015fkanl\u0131\u011f\u0131 taraf\u0131ndan her y\u0131l d\u00fczenlenen ve bu y\u0131l &#8220;Her Yaz Yeni Bir Heyecan: Cami, \u00c7ocuk ve Kur\u2019an&#8221; ile &#8220;Yaz\u0131mda Kur\u2019an Var&#8221; sloganlar\u0131yla y\u00fcr\u00fct\u00fclen yaz Kur\u2019an kurslar\u0131 kapsam\u0131nda Hz. Ebubekir Camii\u2019nde e\u011fitim g\u00f6ren \u00f6\u011frencileri ziyaret etti.<br \/>\n<br \/>Kurs ortam\u0131nda \u00e7ocuklarla bir s\u00fcre sohbet eden Vali Akta\u015f, Kur\u2019an-\u0131 Kerim, temel dini bilgiler, itikad, ibadet, siyer ve ahlak derslerinin yan\u0131 s\u0131ra d\u00fczenlenen sosyal ve k\u00fclt\u00fcrel etkinliklerle \u00f6\u011frencilerin yaz tatillerini hem e\u011flenerek hem de \u00f6\u011frenerek ge\u00e7irdiklerini ifade etti.<br \/>\n<br \/>Ziyaret s\u0131ras\u0131nda a\u00e7\u0131klamalarda bulunan Vali Akta\u015f, il genelinde b\u00fcy\u00fck bir kat\u0131l\u0131m ve ilgiyle s\u00fcrd\u00fcr\u00fclen yaz Kur\u2019an kurslar\u0131na, il\u00e7eler d\u00e2hil yakla\u015f\u0131k 14 bin \u00f6\u011frencinin devam etti\u011fini belirtti.<br \/>\n<br \/>Vali Akta\u015f, &#8220;Diyanet \u0130\u015fleri Ba\u015fkanl\u0131\u011f\u0131m\u0131z\u0131n yaz d\u00f6neminde a\u00e7t\u0131\u011f\u0131 Kur\u2019an kurslar\u0131, \u015fehrimizde de yo\u011fun bir kat\u0131l\u0131mla y\u00fcr\u00fct\u00fcl\u00fcyor. \u0130l merkezimiz ve k\u00f6ylerimizde toplam 178 camide 5 bin 853 \u00f6\u011frencimiz, 63 Kur\u2019an kursunda ise 3.422 \u00f6\u011frencimiz e\u011fitim g\u00f6r\u00fcyor. \u00d6\u011frencilerimizin e\u011fitiminde 273 erkek ve 138 kad\u0131n \u00f6\u011freticimiz g\u00f6rev yap\u0131yor. Eme\u011fi ge\u00e7en t\u00fcm din g\u00f6revlilerimize ve katk\u0131 sunan herkese te\u015fekk\u00fcr ediyorum.&#8221; dedi.<br \/><\/p>\n","protected":false},"excerpt":{"rendered":"<p>U\u015fak Valisi Naci Akta\u015f, Diyanet \u0130\u015fleri Ba\u015fkanl\u0131\u011f\u0131 taraf\u0131ndan her y\u0131l d\u00fczenlenen Yaz Kur\u2019an kursunda camide e\u011fitim g\u00f6ren \u00f6\u011frencileri ziyaret etti. ValiNaci Akta\u015f, Diyanet \u0130\u015fleri Ba\u015fkanl\u0131\u011f\u0131 taraf\u0131ndan her y\u0131l d\u00fczenlenen ve bu y\u0131l &#8220;Her Yaz Yeni Bir Heyecan: Cami, \u00c7ocuk ve Kur\u2019an&#8221; ile &#8220;Yaz\u0131mda Kur\u2019an Var&#8221; sloganlar\u0131yla y\u00fcr\u00fct\u00fclen yaz Kur\u2019an kurslar\u0131 kapsam\u0131nda Hz. Ebubekir Camii\u2019nde e\u011fitim&#8230;<\/p>\n","protected":false},"author":1,"featured_media":46424,"comment_status":"open","ping_status":"open","sticky":false,"template":"","format":"standard","meta":{"_crdt_document":"","footnotes":""},"categories":[1],"tags":[],"class_list":["post-46423","post","type-post","status-publish","format-standard","has-post-thumbnail","hentry","category-guncel"],"_links":{"self":[{"href":"https:\/\/www.egemtv.com\/index.php?rest_route=\/wp\/v2\/posts\/46423","targetHints":{"allow":["GET"]}}],"collection":[{"href":"https:\/\/www.egemtv.com\/index.php?rest_route=\/wp\/v2\/posts"}],"about":[{"href":"https:\/\/www.egemtv.com\/index.php?rest_route=\/wp\/v2\/types\/post"}],"author":[{"embeddable":true,"href":"https:\/\/www.egemtv.com\/index.php?rest_route=\/wp\/v2\/users\/1"}],"replies":[{"embeddable":true,"href":"https:\/\/www.egemtv.com\/index.php?rest_route=%2Fwp%2Fv2%2Fcomments&post=46423"}],"version-history":[{"count":1,"href":"https:\/\/www.egemtv.com\/index.php?rest_route=\/wp\/v2\/posts\/46423\/revisions"}],"predecessor-version":[{"id":46425,"href":"https:\/\/www.egemtv.com\/index.php?rest_route=\/wp\/v2\/posts\/46423\/revisions\/46425"}],"wp:featuredmedia":[{"embeddable":true,"href":"https:\/\/www.egemtv.com\/index.php?rest_route=\/wp\/v2\/media\/46424"}],"wp:attachment":[{"href":"https:\/\/www.egemtv.com\/index.php?rest_route=%2Fwp%2Fv2%2Fmedia&parent=46423"}],"wp:term":[{"taxonomy":"category","embeddable":true,"href":"https:\/\/www.egemtv.com\/index.php?rest_route=%2Fwp%2Fv2%2Fcategories&post=46423"},{"taxonomy":"post_tag","embeddable":true,"href":"https:\/\/www.egemtv.com\/index.php?rest_route=%2Fwp%2Fv2%2Ftags&post=46423"}],"curies":[{"name":"wp","href":"https:\/\/api.w.org\/{rel}","templated":true}]}}