{"id":46420,"date":"2025-08-03T08:34:29","date_gmt":"2025-08-03T05:34:29","guid":{"rendered":"https:\/\/www.egemtv.com\/?p=46420"},"modified":"2025-08-03T08:34:29","modified_gmt":"2025-08-03T05:34:29","slug":"universite-koy-bulusmalari-yenisehir-koyunde-gerceklesti","status":"publish","type":"post","link":"https:\/\/www.egemtv.com\/?p=46420","title":{"rendered":"\u00dcniversite k\u00f6y bulu\u015fmalar\u0131: Yeni\u015fehir k\u00f6y\u00fcnde ger\u00e7ekle\u015fti"},"content":{"rendered":"<p>Bilim ile halk\u0131 bulu\u015fturmaya devam eden U\u015fak \u00dcniversitesi bu hafta \u00dcniversite-K\u00f6y bulu\u015fmalar\u0131 kapsam\u0131nda d\u00fczenledi\u011fi &#8220;Bilim Kafe&#8221; etkinlikleri i\u00e7in U\u015fak Merkez Yeni\u015fehir K\u00f6y\u00fcne gitti. Akademisyenler, k\u00f6y halk\u0131na tar\u0131m ve hayvanc\u0131l\u0131kla ilgili \u00f6nemli bilgiler verdi.<br \/>\n<br \/>Toplant\u0131ya U\u015fak \u00dcniversitesi Rekt\u00f6r\u00fc Prof. Dr. Ekrem Sava\u015f, Rekt\u00f6r Yard\u0131mc\u0131s\u0131 Prof. Dr. Kenan Ta\u015f, akademisyenler ve k\u00f6y halk\u0131 kat\u0131ld\u0131.<br \/>\n<br \/>Toplant\u0131ya kat\u0131lan U\u015fak \u00dcniversitesi Rekt\u00f6r\u00fc Prof. Dr. Ekrem Sava\u015f, &#8220;\u00dcniversitelerde \u00fcretilen bilgiler halkla bulu\u015ftu\u011fu, onlar\u0131n sorunlar\u0131n\u0131 \u00e7\u00f6zd\u00fc\u011f\u00fc zaman i\u015flevsel olur. Biz de bu ama\u00e7la halk\u0131m\u0131zla akademisyenlerimizi bir araya getirip akademide \u00fcretilen bilgiyi halka ula\u015ft\u0131rmaya \u00e7al\u0131\u015f\u0131yoruz. Buraya gelip bilgilerini payla\u015fan hocalar\u0131m\u0131za, k\u00f6y\u00fcm\u00fcz\u00fcn muhtar\u0131na ve bizi dinlemeye gelen kat\u0131l\u0131mc\u0131lara \u00e7ok te\u015fekk\u00fcr ediyorum&#8221; dedi.<br \/>\n<br \/>Moderat\u00f6rl\u00fc\u011f\u00fcn\u00fc Ziraat Fak\u00fcltesi Dekan Yard\u0131mc\u0131s\u0131 Do\u00e7. Dr. Ay\u015fen Melda \u00c7olak\u2019\u0131n yapt\u0131\u011f\u0131 toplant\u0131da U\u015fak \u00dcniversitesi Ziraat Fak\u00fcltesinden Do\u00e7. Dr. Sibel Alapala &#8220;B\u00fcy\u00fckba\u015f ve K\u00fc\u00e7\u00fckba\u015f Hayvan Yeti\u015ftiricili\u011fi ve Sorunlar\u0131&#8221;n\u0131, Do\u00e7. Dr. Osman Y\u00fcksel ise &#8220;Hayvan Beslemede Kaliteli Kaba Yemlerin \u00d6nemi, An\u0131z Yakman\u0131n Toprak ve Tar\u0131ma Etkileri&#8221;ni anlatt\u0131.<br \/>\n<br \/>Hayvanc\u0131l\u0131kta yem se\u00e7iminin \u00f6nemi<br \/>\n<br \/>Do\u00e7. Dr. Osman Y\u00fcksel, &#8220;Hayvan Beslemede Kaliteli Kaba Yemlerin \u00d6nemi, An\u0131z Yakman\u0131n Toprak ve Tar\u0131ma Etkileri&#8221; ba\u015fl\u0131kl\u0131 bir sunum yapt\u0131. Do\u00e7. Dr. Y\u00fcksel sunumunda yeti\u015ftirilen hayvandan iyi verim almak i\u00e7in do\u011fru yemin verilmesi gerekti\u011fini s\u00f6yledi. Yem stat\u00fcs\u00fcnde olmayan maddelerin de\u011fil protein oran\u0131 y\u00fcksek, kaliteli yemlerin verilmesi gerekti\u011fini \u00f6rnekler anlatt\u0131.<br \/>\n<br \/>Son d\u00f6nemde hem U\u015fak\u2019ta hem de \u00fclkemizde bir\u00e7ok yang\u0131n\u0131n \u00e7\u0131kt\u0131\u011f\u0131n\u0131 s\u00f6yleyen Do\u00e7. Dr. Osman Y\u00fcksel, an\u0131z yakman\u0131n hem toprak yap\u0131s\u0131n\u0131 bozdu\u011funu hem de yang\u0131nlara neden oldu\u011funu belirtti. Halk\u0131 an\u0131z yak\u0131m\u0131 konusunda uyaran Do\u00e7. Dr. Y\u00fcksel, &#8220;Bu y\u00f6ntemin k\u0131sa vadede kolayl\u0131k sa\u011flasa da uzun vadede toprak ve \u00e7evreye b\u00fcy\u00fck zarar veriyor&#8221; dedi.<br \/>\n<br \/>B\u00fcy\u00fckba\u015f ve k\u00fc\u00e7\u00fckba\u015f hayvan bak\u0131m\u0131n\u0131n incelikleri<br \/>\n<br \/>Do\u00e7. Dr. Sibel Alapala ise &#8220;B\u00fcy\u00fckba\u015f ve K\u00fc\u00e7\u00fckba\u015f Hayvan Yeti\u015ftiricili\u011fi ve Sorunlar\u0131&#8221; ba\u015fl\u0131kl\u0131 sunum yapt\u0131. Do\u00e7. Dr. Alapala sunumunda hayvan se\u00e7iminden yem ve bak\u0131m tekniklerine \u00e7ift\u00e7inin e\u011fitilmesinden hayvanlar\u0131n bar\u0131naca\u011f\u0131 alana kadar geni\u015f bir \u00e7er\u00e7evede anlat\u0131m yapt\u0131.<br \/>\n<br \/>Sunumlar sonras\u0131nda Do\u00e7. Dr. Osman Y\u00fcksel ve Do\u00e7. Dr. Sibel Alapala dinleyicilerden gelen sorular\u0131 da yan\u0131tlad\u0131.<br \/>\n<br \/>Etkinlik Rekt\u00f6r Prof. Dr. Ekrem Sava\u015f\u2019\u0131n bulu\u015fmaya katk\u0131da bulunan; Do\u00e7. Dr. Ay\u015fen Melda \u00c7olak, Do\u00e7. Dr. Osman Y\u00fcksel, Do\u00e7. Dr. Sibel Alapala\u2019ya ve Rekt\u00f6r Yard\u0131mc\u0131s\u0131 Prof. Dr. Kenan Ta\u015f\u2019\u0131n da Yeni\u015fehir K\u00f6y\u00fc Muhtar\u0131 Esat Tahir \u00c7o\u015fkuno\u011flu\u2019a te\u015fekk\u00fcr belgesini vermesiyle son buldu.<br \/><\/p>\n","protected":false},"excerpt":{"rendered":"<p>Bilim ile halk\u0131 bulu\u015fturmaya devam eden U\u015fak \u00dcniversitesi bu hafta \u00dcniversite-K\u00f6y bulu\u015fmalar\u0131 kapsam\u0131nda d\u00fczenledi\u011fi &#8220;Bilim Kafe&#8221; etkinlikleri i\u00e7in U\u015fak Merkez Yeni\u015fehir K\u00f6y\u00fcne gitti. Akademisyenler, k\u00f6y halk\u0131na tar\u0131m ve hayvanc\u0131l\u0131kla ilgili \u00f6nemli bilgiler verdi. Toplant\u0131ya U\u015fak \u00dcniversitesi Rekt\u00f6r\u00fc Prof. Dr. Ekrem Sava\u015f, Rekt\u00f6r Yard\u0131mc\u0131s\u0131 Prof. Dr. Kenan Ta\u015f, akademisyenler ve k\u00f6y halk\u0131 kat\u0131ld\u0131. Toplant\u0131ya kat\u0131lan U\u015fak&#8230;<\/p>\n","protected":false},"author":1,"featured_media":46421,"comment_status":"open","ping_status":"open","sticky":false,"template":"","format":"standard","meta":{"_crdt_document":"","footnotes":""},"categories":[1],"tags":[],"class_list":["post-46420","post","type-post","status-publish","format-standard","has-post-thumbnail","hentry","category-guncel"],"_links":{"self":[{"href":"https:\/\/www.egemtv.com\/index.php?rest_route=\/wp\/v2\/posts\/46420","targetHints":{"allow":["GET"]}}],"collection":[{"href":"https:\/\/www.egemtv.com\/index.php?rest_route=\/wp\/v2\/posts"}],"about":[{"href":"https:\/\/www.egemtv.com\/index.php?rest_route=\/wp\/v2\/types\/post"}],"author":[{"embeddable":true,"href":"https:\/\/www.egemtv.com\/index.php?rest_route=\/wp\/v2\/users\/1"}],"replies":[{"embeddable":true,"href":"https:\/\/www.egemtv.com\/index.php?rest_route=%2Fwp%2Fv2%2Fcomments&post=46420"}],"version-history":[{"count":1,"href":"https:\/\/www.egemtv.com\/index.php?rest_route=\/wp\/v2\/posts\/46420\/revisions"}],"predecessor-version":[{"id":46422,"href":"https:\/\/www.egemtv.com\/index.php?rest_route=\/wp\/v2\/posts\/46420\/revisions\/46422"}],"wp:featuredmedia":[{"embeddable":true,"href":"https:\/\/www.egemtv.com\/index.php?rest_route=\/wp\/v2\/media\/46421"}],"wp:attachment":[{"href":"https:\/\/www.egemtv.com\/index.php?rest_route=%2Fwp%2Fv2%2Fmedia&parent=46420"}],"wp:term":[{"taxonomy":"category","embeddable":true,"href":"https:\/\/www.egemtv.com\/index.php?rest_route=%2Fwp%2Fv2%2Fcategories&post=46420"},{"taxonomy":"post_tag","embeddable":true,"href":"https:\/\/www.egemtv.com\/index.php?rest_route=%2Fwp%2Fv2%2Ftags&post=46420"}],"curies":[{"name":"wp","href":"https:\/\/api.w.org\/{rel}","templated":true}]}}