{"id":46417,"date":"2025-08-03T07:15:04","date_gmt":"2025-08-03T04:15:04","guid":{"rendered":"https:\/\/www.egemtv.com\/?p=46417"},"modified":"2025-08-03T07:15:05","modified_gmt":"2025-08-03T04:15:05","slug":"sevisler-barajinda-inceleme-maden-sehitliginde-dua","status":"publish","type":"post","link":"https:\/\/www.egemtv.com\/?p=46417","title":{"rendered":"Sevi\u015fler Baraj\u0131\u2019nda inceleme, Maden \u015eehitli\u011finde dua"},"content":{"rendered":"<p>Soma Kaymakam\u0131 \u00dcnal Ko\u00e7, Sevi\u015fler Baraj G\u00f6leti\u2019nde y\u00fcr\u00fct\u00fclen bal\u0131k \u00fcretim faaliyetlerini yerinde inceledikten sonra, 2014 y\u0131l\u0131nda meydana gelen maden facias\u0131nda hayat\u0131n\u0131 kaybeden madencilerin kabirlerinin bulundu\u011fu Soma Maden \u015eehitli\u011fi\u2019ni ziyaret etti.<br \/>\n<br \/>Kaymakam Ko\u00e7, Sevi\u015fler Baraj\u0131\u2019nda ger\u00e7ekle\u015ftirdi\u011fi inceleme s\u0131ras\u0131nda g\u00f6let \u00e7evresindeki \u00e7al\u0131\u015fmalar ve su \u00fcr\u00fcnleri \u00fcretimi hakk\u0131nda yetkililerden bilgi ald\u0131. Ziyaret kapsam\u0131nda kendi kulland\u0131\u011f\u0131 tekneyle g\u00f6let \u00fczerinde k\u0131sa bir denetim turu yapan Ko\u00e7, b\u00f6lgede bulunan amat\u00f6r bal\u0131k\u00e7\u0131larla da sohbet ederek &#8220;Rastgele&#8221; dile\u011finde bulundu. Bal\u0131k\u00e7\u0131lara s\u00fcrd\u00fcr\u00fclebilir avc\u0131l\u0131k ve su \u00fcr\u00fcnleri ile ilgili kurallar hakk\u0131nda bilgilendirmede bulunan Ko\u00e7, \u00e7evre bilinci konusunda da uyar\u0131larda bulundu.<br \/>\n<br \/>\u0130nceleme gezisinde Kaymakam Ko\u00e7\u2019a Soma \u0130l\u00e7e Tar\u0131m ve Orman M\u00fcd\u00fcr\u00fc Hayati Aslan da e\u015flik etti. Baraj\u0131n mevcut durumu, y\u00fcr\u00fct\u00fclen projeler ve hem ekolojik hem de ekonomik katk\u0131s\u0131n\u0131n art\u0131r\u0131lmas\u0131na y\u00f6nelik \u00e7al\u0131\u015fmalar de\u011ferlendirildi.<\/p>\n<p>Maden \u015eehitli\u011fi\u2019nde dua<br \/>\n<br \/>Kaymakam \u00dcnal Ko\u00e7\u2019un ikinci dura\u011f\u0131 ise Soma Maden \u015eehitli\u011fi oldu. 13 May\u0131s 2014\u2019te meydana gelen maden facias\u0131nda hayat\u0131n\u0131 kaybeden 301 madencinin kabirlerinin bulundu\u011fu \u015fehitlikte d\u00fczenlenen ziyarette, dualar okundu, karanfiller b\u0131rak\u0131ld\u0131.<br \/>\n<br \/>Ziyarete \u0130l\u00e7e Jandarma Komutan V. Y\u00fczba\u015f\u0131 \u00d6zer Din\u00e7er, \u0130l\u00e7e Emniyet M\u00fcd\u00fcr\u00fc Umut Er, Sosyal Hizmet Merkezi M\u00fcd\u00fcr\u00fc \u00d6zlem \u00c7ak\u0131r ve \u0130l\u00e7e M\u00fcft\u00fc V. Halil T\u00fcys\u00fcz de kat\u0131ld\u0131. Kaymakam Ko\u00e7, \u015fehit madencileri rahmetle anarak, ailelerine ve t\u00fcm Soma halk\u0131na ba\u015fsa\u011fl\u0131\u011f\u0131 dileklerini yineledi.<br \/><\/p>\n","protected":false},"excerpt":{"rendered":"<p>Soma Kaymakam\u0131 \u00dcnal Ko\u00e7, Sevi\u015fler Baraj G\u00f6leti\u2019nde y\u00fcr\u00fct\u00fclen bal\u0131k \u00fcretim faaliyetlerini yerinde inceledikten sonra, 2014 y\u0131l\u0131nda meydana gelen maden facias\u0131nda hayat\u0131n\u0131 kaybeden madencilerin kabirlerinin bulundu\u011fu Soma Maden \u015eehitli\u011fi\u2019ni ziyaret etti. Kaymakam Ko\u00e7, Sevi\u015fler Baraj\u0131\u2019nda ger\u00e7ekle\u015ftirdi\u011fi inceleme s\u0131ras\u0131nda g\u00f6let \u00e7evresindeki \u00e7al\u0131\u015fmalar ve su \u00fcr\u00fcnleri \u00fcretimi hakk\u0131nda yetkililerden bilgi ald\u0131. Ziyaret kapsam\u0131nda kendi kulland\u0131\u011f\u0131 tekneyle g\u00f6let \u00fczerinde&#8230;<\/p>\n","protected":false},"author":1,"featured_media":46418,"comment_status":"open","ping_status":"open","sticky":false,"template":"","format":"standard","meta":{"_crdt_document":"","footnotes":""},"categories":[127],"tags":[],"class_list":["post-46417","post","type-post","status-publish","format-standard","has-post-thumbnail","hentry","category-siyaset"],"_links":{"self":[{"href":"https:\/\/www.egemtv.com\/index.php?rest_route=\/wp\/v2\/posts\/46417","targetHints":{"allow":["GET"]}}],"collection":[{"href":"https:\/\/www.egemtv.com\/index.php?rest_route=\/wp\/v2\/posts"}],"about":[{"href":"https:\/\/www.egemtv.com\/index.php?rest_route=\/wp\/v2\/types\/post"}],"author":[{"embeddable":true,"href":"https:\/\/www.egemtv.com\/index.php?rest_route=\/wp\/v2\/users\/1"}],"replies":[{"embeddable":true,"href":"https:\/\/www.egemtv.com\/index.php?rest_route=%2Fwp%2Fv2%2Fcomments&post=46417"}],"version-history":[{"count":1,"href":"https:\/\/www.egemtv.com\/index.php?rest_route=\/wp\/v2\/posts\/46417\/revisions"}],"predecessor-version":[{"id":46419,"href":"https:\/\/www.egemtv.com\/index.php?rest_route=\/wp\/v2\/posts\/46417\/revisions\/46419"}],"wp:featuredmedia":[{"embeddable":true,"href":"https:\/\/www.egemtv.com\/index.php?rest_route=\/wp\/v2\/media\/46418"}],"wp:attachment":[{"href":"https:\/\/www.egemtv.com\/index.php?rest_route=%2Fwp%2Fv2%2Fmedia&parent=46417"}],"wp:term":[{"taxonomy":"category","embeddable":true,"href":"https:\/\/www.egemtv.com\/index.php?rest_route=%2Fwp%2Fv2%2Fcategories&post=46417"},{"taxonomy":"post_tag","embeddable":true,"href":"https:\/\/www.egemtv.com\/index.php?rest_route=%2Fwp%2Fv2%2Ftags&post=46417"}],"curies":[{"name":"wp","href":"https:\/\/api.w.org\/{rel}","templated":true}]}}