{"id":46414,"date":"2025-08-03T03:54:48","date_gmt":"2025-08-03T00:54:48","guid":{"rendered":"https:\/\/www.egemtv.com\/?p=46414"},"modified":"2025-08-03T03:54:49","modified_gmt":"2025-08-03T00:54:49","slug":"2-kisinin-oldugu-kazanin-goruntuleri-ortaya-cikti","status":"publish","type":"post","link":"https:\/\/www.egemtv.com\/?p=46414","title":{"rendered":"2 ki\u015finin \u00f6ld\u00fc\u011f\u00fc kazan\u0131n g\u00f6r\u00fcnt\u00fcleri ortaya \u00e7\u0131kt\u0131"},"content":{"rendered":"<p>Manisa\u2019n\u0131n Kula il\u00e7esinde ak\u015fam saatlerinde meydana gelen ve 2 ki\u015finin \u00f6ld\u00fc\u011f\u00fc, 1 ki\u015finin ise yaraland\u0131\u011f\u0131 kazaya ait kamera g\u00f6r\u00fcnt\u00fcleri ortaya \u00e7\u0131kt\u0131. G\u00f6r\u00fcnt\u00fclerde otomobilin kav\u015fa\u011fa girdi\u011fi ve otob\u00fcs\u00fcn \u00e7arpmas\u0131yla birlikte savruldu\u011fu anlar yer ald\u0131.<br \/>\n<br \/>Edinilen bilgilere g\u00f6re kaza, saat 17.00 s\u0131ralar\u0131nda Sanayi Kav\u015fa\u011f\u0131\u2019nda meydana geldi. Ayakkab\u0131c\u0131lar Sitesi istikametinden Sanayi Sitesi y\u00f6n\u00fcne ge\u00e7mek isteyen Arif \u00d6. idaresindeki 45 U 3063 plakal\u0131 otomobile, U\u015fak y\u00f6n\u00fcnden \u0130zmir istikametine seyir halinde olan Ali G. y\u00f6netimindeki 07 CAF 757 plakal\u0131 yolcu otob\u00fcs\u00fc \u00e7arpt\u0131. \u015eiddetli \u00e7arp\u0131\u015fma sonucu otomobil hurdaya d\u00f6nerken, ara\u00e7ta bulunan s\u00fcr\u00fcc\u00fc Arif \u00d6., e\u015fi Ay\u015fe \u00d6. ve akrabalardan Ay\u015fe K. a\u011f\u0131r yaraland\u0131. \u0130hbar \u00fczerine olay yerine sa\u011fl\u0131k, polis ve itfaiye ekipleri sevk edildi. Yaral\u0131lar, ilk m\u00fcdahalelerinin ard\u0131ndan Kula Devlet Hastanesi\u2019ne kald\u0131r\u0131ld\u0131. Ancak yap\u0131lan t\u00fcm m\u00fcdahalelere ra\u011fmen Arif \u00d6. ve e\u015fi Ay\u015fe \u00d6. hayat\u0131n\u0131 kaybetti. Durumu a\u011f\u0131r olan Ay\u015fe K. ise Manisa Celal Bayar E\u011fitim ve Ara\u015ft\u0131rma Hastanesi\u2019ne sevk edilerek tedavi alt\u0131na al\u0131nd\u0131. Kaza an\u0131 \u00e7evredeki bir i\u015f yerinin g\u00fcvenlik kameras\u0131na saniye saniye yans\u0131d\u0131.<br \/>\n<br \/>Kazan\u0131n ard\u0131ndan otob\u00fcs s\u00fcr\u00fcc\u00fcs\u00fc Ali G. emniyet ekiplerince g\u00f6zalt\u0131na al\u0131n\u0131rken, olayla ilgili soru\u015fturma ba\u015flat\u0131ld\u0131.<br \/><\/p>\n","protected":false},"excerpt":{"rendered":"<p>Manisa\u2019n\u0131n Kula il\u00e7esinde ak\u015fam saatlerinde meydana gelen ve 2 ki\u015finin \u00f6ld\u00fc\u011f\u00fc, 1 ki\u015finin ise yaraland\u0131\u011f\u0131 kazaya ait kamera g\u00f6r\u00fcnt\u00fcleri ortaya \u00e7\u0131kt\u0131. G\u00f6r\u00fcnt\u00fclerde otomobilin kav\u015fa\u011fa girdi\u011fi ve otob\u00fcs\u00fcn \u00e7arpmas\u0131yla birlikte savruldu\u011fu anlar yer ald\u0131. Edinilen bilgilere g\u00f6re kaza, saat 17.00 s\u0131ralar\u0131nda Sanayi Kav\u015fa\u011f\u0131\u2019nda meydana geldi. Ayakkab\u0131c\u0131lar Sitesi istikametinden Sanayi Sitesi y\u00f6n\u00fcne ge\u00e7mek isteyen Arif \u00d6. idaresindeki&#8230;<\/p>\n","protected":false},"author":1,"featured_media":46415,"comment_status":"open","ping_status":"open","sticky":false,"template":"","format":"standard","meta":{"_crdt_document":"","footnotes":""},"categories":[5],"tags":[],"class_list":["post-46414","post","type-post","status-publish","format-standard","has-post-thumbnail","hentry","category-asayis"],"_links":{"self":[{"href":"https:\/\/www.egemtv.com\/index.php?rest_route=\/wp\/v2\/posts\/46414","targetHints":{"allow":["GET"]}}],"collection":[{"href":"https:\/\/www.egemtv.com\/index.php?rest_route=\/wp\/v2\/posts"}],"about":[{"href":"https:\/\/www.egemtv.com\/index.php?rest_route=\/wp\/v2\/types\/post"}],"author":[{"embeddable":true,"href":"https:\/\/www.egemtv.com\/index.php?rest_route=\/wp\/v2\/users\/1"}],"replies":[{"embeddable":true,"href":"https:\/\/www.egemtv.com\/index.php?rest_route=%2Fwp%2Fv2%2Fcomments&post=46414"}],"version-history":[{"count":1,"href":"https:\/\/www.egemtv.com\/index.php?rest_route=\/wp\/v2\/posts\/46414\/revisions"}],"predecessor-version":[{"id":46416,"href":"https:\/\/www.egemtv.com\/index.php?rest_route=\/wp\/v2\/posts\/46414\/revisions\/46416"}],"wp:featuredmedia":[{"embeddable":true,"href":"https:\/\/www.egemtv.com\/index.php?rest_route=\/wp\/v2\/media\/46415"}],"wp:attachment":[{"href":"https:\/\/www.egemtv.com\/index.php?rest_route=%2Fwp%2Fv2%2Fmedia&parent=46414"}],"wp:term":[{"taxonomy":"category","embeddable":true,"href":"https:\/\/www.egemtv.com\/index.php?rest_route=%2Fwp%2Fv2%2Fcategories&post=46414"},{"taxonomy":"post_tag","embeddable":true,"href":"https:\/\/www.egemtv.com\/index.php?rest_route=%2Fwp%2Fv2%2Ftags&post=46414"}],"curies":[{"name":"wp","href":"https:\/\/api.w.org\/{rel}","templated":true}]}}