{"id":46411,"date":"2025-08-03T02:34:42","date_gmt":"2025-08-02T23:34:42","guid":{"rendered":"https:\/\/www.egemtv.com\/?p=46411"},"modified":"2025-08-03T02:34:42","modified_gmt":"2025-08-02T23:34:42","slug":"serinlemek-icin-golete-giren-adamin-cansiz-bedenine-ulasildi","status":"publish","type":"post","link":"https:\/\/www.egemtv.com\/?p=46411","title":{"rendered":"Serinlemek i\u00e7in g\u00f6lete giren adam\u0131n cans\u0131z bedenine ula\u015f\u0131ld\u0131"},"content":{"rendered":"<p>DEN\u0130ZL\u0130 (\u0130HA) \u2013 Denizli\u2019nin Buldan il\u00e7esinde e\u015fi ile serinlemek i\u00e7in giren adam\u0131n kaybolmas\u0131 \u00fczerine yap\u0131lan arama \u00e7al\u0131\u015fmalar\u0131 sonucunda cans\u0131z bedeni ula\u015f\u0131ld\u0131.<br \/>\n<br \/>Olay, Buldan il\u00e7esi D\u0131mbazlar Mahallesi\u2019nde meydana geldi. Edinilen bilgilere g\u00f6re, D\u0131mbazlar g\u00f6letine gezmeye gelen \u0130brahim Kayaaslan ile e\u015fi Samime Kayaaslan \u00e7ifti serinlemek i\u00e7in D\u0131mbazlar G\u00f6ledinde suya girdi. \u0130brahim Kayaaslan suyun bal\u00e7\u0131kl\u0131 olmas\u0131ndan dolay\u0131 h\u0131zla g\u00f6zden kayboldu. E\u015finin kayboldu\u011funu g\u00f6re Samimem Kayaaslan sudan \u00e7\u0131kan yard\u0131m istedi. \u00c7evredeki vatanda\u015flar durumu 112 Acil \u00c7a\u011fr\u0131 Merkezine bildirdi. \u0130hbar \u00fczerine b\u00f6lgeye \u00e7ok say\u0131da jandarma, itfaiye, sa\u011fl\u0131k ekipleri sevk edildi.<br \/>\n<br \/>B\u00f6lgeye gelen ekipler \u0130brahim Kayaaslan i\u00e7in \u00e7al\u0131\u015fma ba\u015flatt\u0131. Su alt\u0131 arama ve kurtarma dalg\u0131\u00e7lar\u0131 ve itfaiye ekiplerinin yo\u011fun arama \u00e7al\u0131\u015fmalar\u0131n\u0131n ard\u0131ndan \u0130brahim Kayaaslan\u2019\u0131n cans\u0131z bedeni bulunarak g\u00f6letten \u00e7\u0131kar\u0131ld\u0131.<br \/>\n<br \/>\u0130brahim Kayaaslan\u2019\u0131n \u00f6l\u00fcm\u00fc yak\u0131nlar\u0131na yasa bo\u011fdu. Cenazesi otopsi yap\u0131lmak \u00fczere Adli T\u0131p Kurumu Ba\u015fkanl\u0131\u011f\u0131 morguna kald\u0131r\u0131ld\u0131.<br \/><\/p>\n","protected":false},"excerpt":{"rendered":"<p>DEN\u0130ZL\u0130 (\u0130HA) \u2013 Denizli\u2019nin Buldan il\u00e7esinde e\u015fi ile serinlemek i\u00e7in giren adam\u0131n kaybolmas\u0131 \u00fczerine yap\u0131lan arama \u00e7al\u0131\u015fmalar\u0131 sonucunda cans\u0131z bedeni ula\u015f\u0131ld\u0131. Olay, Buldan il\u00e7esi D\u0131mbazlar Mahallesi\u2019nde meydana geldi. Edinilen bilgilere g\u00f6re, D\u0131mbazlar g\u00f6letine gezmeye gelen \u0130brahim Kayaaslan ile e\u015fi Samime Kayaaslan \u00e7ifti serinlemek i\u00e7in D\u0131mbazlar G\u00f6ledinde suya girdi. \u0130brahim Kayaaslan suyun bal\u00e7\u0131kl\u0131 olmas\u0131ndan dolay\u0131 h\u0131zla&#8230;<\/p>\n","protected":false},"author":1,"featured_media":46412,"comment_status":"open","ping_status":"open","sticky":false,"template":"","format":"standard","meta":{"_crdt_document":"","footnotes":""},"categories":[5],"tags":[],"class_list":["post-46411","post","type-post","status-publish","format-standard","has-post-thumbnail","hentry","category-asayis"],"_links":{"self":[{"href":"https:\/\/www.egemtv.com\/index.php?rest_route=\/wp\/v2\/posts\/46411","targetHints":{"allow":["GET"]}}],"collection":[{"href":"https:\/\/www.egemtv.com\/index.php?rest_route=\/wp\/v2\/posts"}],"about":[{"href":"https:\/\/www.egemtv.com\/index.php?rest_route=\/wp\/v2\/types\/post"}],"author":[{"embeddable":true,"href":"https:\/\/www.egemtv.com\/index.php?rest_route=\/wp\/v2\/users\/1"}],"replies":[{"embeddable":true,"href":"https:\/\/www.egemtv.com\/index.php?rest_route=%2Fwp%2Fv2%2Fcomments&post=46411"}],"version-history":[{"count":1,"href":"https:\/\/www.egemtv.com\/index.php?rest_route=\/wp\/v2\/posts\/46411\/revisions"}],"predecessor-version":[{"id":46413,"href":"https:\/\/www.egemtv.com\/index.php?rest_route=\/wp\/v2\/posts\/46411\/revisions\/46413"}],"wp:featuredmedia":[{"embeddable":true,"href":"https:\/\/www.egemtv.com\/index.php?rest_route=\/wp\/v2\/media\/46412"}],"wp:attachment":[{"href":"https:\/\/www.egemtv.com\/index.php?rest_route=%2Fwp%2Fv2%2Fmedia&parent=46411"}],"wp:term":[{"taxonomy":"category","embeddable":true,"href":"https:\/\/www.egemtv.com\/index.php?rest_route=%2Fwp%2Fv2%2Fcategories&post=46411"},{"taxonomy":"post_tag","embeddable":true,"href":"https:\/\/www.egemtv.com\/index.php?rest_route=%2Fwp%2Fv2%2Ftags&post=46411"}],"curies":[{"name":"wp","href":"https:\/\/api.w.org\/{rel}","templated":true}]}}