{"id":46408,"date":"2025-08-03T00:54:42","date_gmt":"2025-08-02T21:54:42","guid":{"rendered":"https:\/\/www.egemtv.com\/?p=46408"},"modified":"2025-08-03T00:54:43","modified_gmt":"2025-08-02T21:54:43","slug":"marmariste-arac-yangini-ormana-sicramadan-sonduruldu","status":"publish","type":"post","link":"https:\/\/www.egemtv.com\/?p=46408","title":{"rendered":"Marmaris\u2019te ara\u00e7 yang\u0131n\u0131 ormana s\u0131\u00e7ramadan s\u00f6nd\u00fcr\u00fcld\u00fc"},"content":{"rendered":"<p>Mu\u011fla\u2019n\u0131n Marmaris il\u00e7esi Osmaniye Mahallesi\u2019ne ba\u011fl\u0131 Sarn\u0131\u00e7 mevkiinde meydana gelen ara\u00e7 yang\u0131n\u0131, ormana s\u0131\u00e7ramadan kontrol alt\u0131na al\u0131nd\u0131.<br \/>\n<br \/>Olay, bug\u00fcn ak\u015fam saatlerinde ya\u015fand\u0131. Edinilen bilgiye g\u00f6re Osmaniye Mahallesi\u2019nde seyir halinde olan bir vatanda\u015f, arac\u0131n\u0131n aniden alev almas\u0131 \u00fczerine durarak kendini son anda d\u0131\u015far\u0131 att\u0131. S\u00fcr\u00fcc\u00fc, 112 Acil \u00c7a\u011fr\u0131 Merkezi\u2019ni arayarak yard\u0131m istedi. \u0130hbar \u00fczerine b\u00f6lgeye en yak\u0131n noktada n\u00f6bet tutan Marmaris Orman \u0130\u015fletme M\u00fcd\u00fcrl\u00fc\u011f\u00fc\u2019ne ba\u011fl\u0131 ekipler sevk edildi. H\u0131zla olay yerine ula\u015fan ekipler, alev topuna d\u00f6nen ara\u00e7 yang\u0131n\u0131n\u0131 ormanl\u0131k alana s\u0131\u00e7ramadan s\u00f6nd\u00fcrmeyi ba\u015fard\u0131. Ekipler so\u011futma \u00e7al\u0131\u015fmas\u0131 ger\u00e7ekle\u015ftirirken yang\u0131nda ara\u00e7 kullan\u0131lamaz hale geldi. Marmaris \u0130l\u00e7e Jandarma Komutanl\u0131\u011f\u0131\u2019na ba\u011fl\u0131 ekipler de olay yerinde g\u00fcvenlik \u00f6nlemleri al\u0131rken, yang\u0131n\u0131n \u00e7\u0131k\u0131\u015f nedeniyle ilgili tahkikat ba\u015flatt\u0131.<br \/><\/p>\n","protected":false},"excerpt":{"rendered":"<p>Mu\u011fla\u2019n\u0131n Marmaris il\u00e7esi Osmaniye Mahallesi\u2019ne ba\u011fl\u0131 Sarn\u0131\u00e7 mevkiinde meydana gelen ara\u00e7 yang\u0131n\u0131, ormana s\u0131\u00e7ramadan kontrol alt\u0131na al\u0131nd\u0131. Olay, bug\u00fcn ak\u015fam saatlerinde ya\u015fand\u0131. Edinilen bilgiye g\u00f6re Osmaniye Mahallesi\u2019nde seyir halinde olan bir vatanda\u015f, arac\u0131n\u0131n aniden alev almas\u0131 \u00fczerine durarak kendini son anda d\u0131\u015far\u0131 att\u0131. S\u00fcr\u00fcc\u00fc, 112 Acil \u00c7a\u011fr\u0131 Merkezi\u2019ni arayarak yard\u0131m istedi. \u0130hbar \u00fczerine b\u00f6lgeye en&#8230;<\/p>\n","protected":false},"author":1,"featured_media":46409,"comment_status":"open","ping_status":"open","sticky":false,"template":"","format":"standard","meta":{"_crdt_document":"","footnotes":""},"categories":[5],"tags":[],"class_list":["post-46408","post","type-post","status-publish","format-standard","has-post-thumbnail","hentry","category-asayis"],"_links":{"self":[{"href":"https:\/\/www.egemtv.com\/index.php?rest_route=\/wp\/v2\/posts\/46408","targetHints":{"allow":["GET"]}}],"collection":[{"href":"https:\/\/www.egemtv.com\/index.php?rest_route=\/wp\/v2\/posts"}],"about":[{"href":"https:\/\/www.egemtv.com\/index.php?rest_route=\/wp\/v2\/types\/post"}],"author":[{"embeddable":true,"href":"https:\/\/www.egemtv.com\/index.php?rest_route=\/wp\/v2\/users\/1"}],"replies":[{"embeddable":true,"href":"https:\/\/www.egemtv.com\/index.php?rest_route=%2Fwp%2Fv2%2Fcomments&post=46408"}],"version-history":[{"count":1,"href":"https:\/\/www.egemtv.com\/index.php?rest_route=\/wp\/v2\/posts\/46408\/revisions"}],"predecessor-version":[{"id":46410,"href":"https:\/\/www.egemtv.com\/index.php?rest_route=\/wp\/v2\/posts\/46408\/revisions\/46410"}],"wp:featuredmedia":[{"embeddable":true,"href":"https:\/\/www.egemtv.com\/index.php?rest_route=\/wp\/v2\/media\/46409"}],"wp:attachment":[{"href":"https:\/\/www.egemtv.com\/index.php?rest_route=%2Fwp%2Fv2%2Fmedia&parent=46408"}],"wp:term":[{"taxonomy":"category","embeddable":true,"href":"https:\/\/www.egemtv.com\/index.php?rest_route=%2Fwp%2Fv2%2Fcategories&post=46408"},{"taxonomy":"post_tag","embeddable":true,"href":"https:\/\/www.egemtv.com\/index.php?rest_route=%2Fwp%2Fv2%2Ftags&post=46408"}],"curies":[{"name":"wp","href":"https:\/\/api.w.org\/{rel}","templated":true}]}}