{"id":46405,"date":"2025-08-03T00:54:42","date_gmt":"2025-08-02T21:54:42","guid":{"rendered":"https:\/\/www.egemtv.com\/?p=46405"},"modified":"2025-08-03T00:54:42","modified_gmt":"2025-08-02T21:54:42","slug":"manisali-ciftin-piknik-keyfi-faciayla-bitti","status":"publish","type":"post","link":"https:\/\/www.egemtv.com\/?p=46405","title":{"rendered":"Manisal\u0131 \u00e7iftin piknik keyfi faciayla bitti"},"content":{"rendered":"<p>Manisa\u2019n\u0131n Sar\u0131g\u00f6l il\u00e7esinden hafta sonu piknik yapmak i\u00e7in Denizli\u2019nin Buldan il\u00e7esine giden Samime ve \u0130brahim Kayaaslan \u00e7iftinden \u0130brahim Kayaaslan, serinlemek i\u00e7in girdi\u011fi g\u00f6lette bo\u011fularak hayat\u0131n\u0131 kaybetti.<br \/>\n<br \/>Manisa\u2019n\u0131n Sar\u0131g\u00f6l il\u00e7esinden Denizli\u2019nin Buldan il\u00e7esindeki g\u00f6lete piknik i\u00e7in giden Samime ve \u0130brahim Kayaaslan \u00e7iftinden \u0130brahim Kayaaslan e\u015finin piknik haz\u0131rl\u0131klar\u0131na ba\u015flad\u0131\u011f\u0131 s\u0131rada serinlemek i\u00e7in g\u00f6lete girdi. G\u00f6lete giren e\u015finin sudan \u00e7\u0131kmad\u0131\u011f\u0131n\u0131 fark eden Samime Kayaaslan da suya girdi. \u00c7evredeki bal\u0131k\u00e7\u0131lar taraf\u0131ndan sudan \u00e7\u0131kar\u0131lan kad\u0131n son anda kurtar\u0131ld\u0131.<br \/>\n<br \/>\u0130hbar \u00fczerine olay yerine jandarma ve dalg\u0131\u00e7 ekipleri sevk edildi. G\u00f6lette yap\u0131lan arama sonucunda \u0130brahim Kayaaslan\u2019\u0131n cans\u0131z bedenine ula\u015f\u0131ld\u0131.<br \/>\n<br \/>Olay, \u00e7iftin ya\u015fad\u0131\u011f\u0131 Sar\u0131g\u00f6l\u2019\u00fcn Dindarl\u0131 Mahallesi\u2019nde b\u00fcy\u00fck \u00fcz\u00fcnt\u00fcye yol a\u00e7t\u0131. Samime Kayaaslan\u2019\u0131n Buldan Devlet Hastanesi\u2019nde tedavi alt\u0131na al\u0131nd\u0131\u011f\u0131 \u00f6\u011frenildi.<br \/><\/p>\n","protected":false},"excerpt":{"rendered":"<p>Manisa\u2019n\u0131n Sar\u0131g\u00f6l il\u00e7esinden hafta sonu piknik yapmak i\u00e7in Denizli\u2019nin Buldan il\u00e7esine giden Samime ve \u0130brahim Kayaaslan \u00e7iftinden \u0130brahim Kayaaslan, serinlemek i\u00e7in girdi\u011fi g\u00f6lette bo\u011fularak hayat\u0131n\u0131 kaybetti. Manisa\u2019n\u0131n Sar\u0131g\u00f6l il\u00e7esinden Denizli\u2019nin Buldan il\u00e7esindeki g\u00f6lete piknik i\u00e7in giden Samime ve \u0130brahim Kayaaslan \u00e7iftinden \u0130brahim Kayaaslan e\u015finin piknik haz\u0131rl\u0131klar\u0131na ba\u015flad\u0131\u011f\u0131 s\u0131rada serinlemek i\u00e7in g\u00f6lete girdi. G\u00f6lete giren e\u015finin&#8230;<\/p>\n","protected":false},"author":1,"featured_media":46406,"comment_status":"open","ping_status":"open","sticky":false,"template":"","format":"standard","meta":{"_crdt_document":"","footnotes":""},"categories":[5],"tags":[],"class_list":["post-46405","post","type-post","status-publish","format-standard","has-post-thumbnail","hentry","category-asayis"],"_links":{"self":[{"href":"https:\/\/www.egemtv.com\/index.php?rest_route=\/wp\/v2\/posts\/46405","targetHints":{"allow":["GET"]}}],"collection":[{"href":"https:\/\/www.egemtv.com\/index.php?rest_route=\/wp\/v2\/posts"}],"about":[{"href":"https:\/\/www.egemtv.com\/index.php?rest_route=\/wp\/v2\/types\/post"}],"author":[{"embeddable":true,"href":"https:\/\/www.egemtv.com\/index.php?rest_route=\/wp\/v2\/users\/1"}],"replies":[{"embeddable":true,"href":"https:\/\/www.egemtv.com\/index.php?rest_route=%2Fwp%2Fv2%2Fcomments&post=46405"}],"version-history":[{"count":1,"href":"https:\/\/www.egemtv.com\/index.php?rest_route=\/wp\/v2\/posts\/46405\/revisions"}],"predecessor-version":[{"id":46407,"href":"https:\/\/www.egemtv.com\/index.php?rest_route=\/wp\/v2\/posts\/46405\/revisions\/46407"}],"wp:featuredmedia":[{"embeddable":true,"href":"https:\/\/www.egemtv.com\/index.php?rest_route=\/wp\/v2\/media\/46406"}],"wp:attachment":[{"href":"https:\/\/www.egemtv.com\/index.php?rest_route=%2Fwp%2Fv2%2Fmedia&parent=46405"}],"wp:term":[{"taxonomy":"category","embeddable":true,"href":"https:\/\/www.egemtv.com\/index.php?rest_route=%2Fwp%2Fv2%2Fcategories&post=46405"},{"taxonomy":"post_tag","embeddable":true,"href":"https:\/\/www.egemtv.com\/index.php?rest_route=%2Fwp%2Fv2%2Ftags&post=46405"}],"curies":[{"name":"wp","href":"https:\/\/api.w.org\/{rel}","templated":true}]}}