{"id":46402,"date":"2025-08-02T21:56:27","date_gmt":"2025-08-02T18:56:27","guid":{"rendered":"https:\/\/www.egemtv.com\/?p=46402"},"modified":"2025-08-02T21:56:28","modified_gmt":"2025-08-02T18:56:28","slug":"uzerine-agac-devrilen-belediye-otobusunde-can-pazari","status":"publish","type":"post","link":"https:\/\/www.egemtv.com\/?p=46402","title":{"rendered":"\u00dczerine a\u011fa\u00e7 devrilen belediye otob\u00fcs\u00fcnde can pazar\u0131"},"content":{"rendered":"<p>Denizli\u2019de sa\u011fanak ve f\u0131rt\u0131nan\u0131n etkisiyle belediye otob\u00fcs\u00fcn\u00fcn \u00fczerine a\u011fa\u00e7 d\u00fc\u015ft\u00fc. Yolcu indirme bindirme s\u0131ras\u0131nda ya\u015fanan olayda yolcular panikle ka\u00e7\u0131\u015ft\u0131.<br \/>\n<br \/>Denizli\u2019de saat 17.00 s\u0131ralar\u0131nda etkili olan ya\u011f\u0131\u015f kentte hayat\u0131 olumsuz etkiledi. Sa\u011fanak ya\u011f\u0131\u015f ve f\u0131rt\u0131na ile birlikte Merkezefendi ve Pamukkale il\u00e7e merkezleri ile k\u0131rsal mahallerde su bask\u0131nlar\u0131 ya\u015fand\u0131. F\u0131rt\u0131nadan dolay\u0131 baz\u0131 noktalarda a\u011fa\u00e7lar devrildi. Pamukkale il\u00e7esi Gazi Mustafa Kemal Bulvar\u0131nda yolcu indirme ve bindirme yapmak \u00fczere durakta duran belediye otob\u00fcs\u00fcn\u00fcn \u00fczerine a\u011fa\u00e7 d\u00fc\u015ft\u00fc. Otob\u00fcs\u00fcn i\u00e7inde panik ya\u015fayan vatanda\u015flar kendilerini d\u0131\u015far\u0131ya att\u0131. Herhangibi yaralanan olmazken a\u011fa\u00e7 devrilmesi sonucunda otob\u00fcste hafif maddi hasar meydana geldi.<br \/><\/p>\n","protected":false},"excerpt":{"rendered":"<p>Denizli\u2019de sa\u011fanak ve f\u0131rt\u0131nan\u0131n etkisiyle belediye otob\u00fcs\u00fcn\u00fcn \u00fczerine a\u011fa\u00e7 d\u00fc\u015ft\u00fc. Yolcu indirme bindirme s\u0131ras\u0131nda ya\u015fanan olayda yolcular panikle ka\u00e7\u0131\u015ft\u0131. Denizli\u2019de saat 17.00 s\u0131ralar\u0131nda etkili olan ya\u011f\u0131\u015f kentte hayat\u0131 olumsuz etkiledi. Sa\u011fanak ya\u011f\u0131\u015f ve f\u0131rt\u0131na ile birlikte Merkezefendi ve Pamukkale il\u00e7e merkezleri ile k\u0131rsal mahallerde su bask\u0131nlar\u0131 ya\u015fand\u0131. F\u0131rt\u0131nadan dolay\u0131 baz\u0131 noktalarda a\u011fa\u00e7lar devrildi. Pamukkale il\u00e7esi&#8230;<\/p>\n","protected":false},"author":1,"featured_media":46403,"comment_status":"open","ping_status":"open","sticky":false,"template":"","format":"standard","meta":{"_crdt_document":"","footnotes":""},"categories":[5],"tags":[],"class_list":["post-46402","post","type-post","status-publish","format-standard","has-post-thumbnail","hentry","category-asayis"],"_links":{"self":[{"href":"https:\/\/www.egemtv.com\/index.php?rest_route=\/wp\/v2\/posts\/46402","targetHints":{"allow":["GET"]}}],"collection":[{"href":"https:\/\/www.egemtv.com\/index.php?rest_route=\/wp\/v2\/posts"}],"about":[{"href":"https:\/\/www.egemtv.com\/index.php?rest_route=\/wp\/v2\/types\/post"}],"author":[{"embeddable":true,"href":"https:\/\/www.egemtv.com\/index.php?rest_route=\/wp\/v2\/users\/1"}],"replies":[{"embeddable":true,"href":"https:\/\/www.egemtv.com\/index.php?rest_route=%2Fwp%2Fv2%2Fcomments&post=46402"}],"version-history":[{"count":1,"href":"https:\/\/www.egemtv.com\/index.php?rest_route=\/wp\/v2\/posts\/46402\/revisions"}],"predecessor-version":[{"id":46404,"href":"https:\/\/www.egemtv.com\/index.php?rest_route=\/wp\/v2\/posts\/46402\/revisions\/46404"}],"wp:featuredmedia":[{"embeddable":true,"href":"https:\/\/www.egemtv.com\/index.php?rest_route=\/wp\/v2\/media\/46403"}],"wp:attachment":[{"href":"https:\/\/www.egemtv.com\/index.php?rest_route=%2Fwp%2Fv2%2Fmedia&parent=46402"}],"wp:term":[{"taxonomy":"category","embeddable":true,"href":"https:\/\/www.egemtv.com\/index.php?rest_route=%2Fwp%2Fv2%2Fcategories&post=46402"},{"taxonomy":"post_tag","embeddable":true,"href":"https:\/\/www.egemtv.com\/index.php?rest_route=%2Fwp%2Fv2%2Ftags&post=46402"}],"curies":[{"name":"wp","href":"https:\/\/api.w.org\/{rel}","templated":true}]}}