{"id":46399,"date":"2025-08-02T20:15:16","date_gmt":"2025-08-02T17:15:16","guid":{"rendered":"https:\/\/www.egemtv.com\/?p=46399"},"modified":"2025-08-02T20:15:16","modified_gmt":"2025-08-02T17:15:16","slug":"kulada-kari-koca-trafik-kazasinda-hayatini-kaybetti","status":"publish","type":"post","link":"https:\/\/www.egemtv.com\/?p=46399","title":{"rendered":"Kula\u2019da kar\u0131-koca trafik kazas\u0131nda hayat\u0131n\u0131 kaybetti"},"content":{"rendered":"<p>Manisa\u2019n\u0131n Kula il\u00e7esinde otob\u00fcs ile otomobilin \u00e7arp\u0131\u015fmas\u0131 sonucu meydana gelen kazada, otomobilde bulunan kar\u0131-koca hayat\u0131n\u0131 kaybederken, 1 ki\u015fi de a\u011f\u0131r yaraland\u0131.<br \/>\n<br \/>Edinilen bilgilere g\u00f6re kaza, saat 17.00 s\u0131ralar\u0131nda Sanayi Kav\u015fa\u011f\u0131\u2019nda meydana geldi. Ayakkab\u0131c\u0131lar Sitesi istikametinden Sanayi Sitesi y\u00f6n\u00fcne ge\u00e7mek isteyen Arif \u00d6. idaresindeki 45 U 3063 plakal\u0131 otomobile, U\u015fak y\u00f6n\u00fcnden \u0130zmir istikametine seyir halinde olan Ali G. y\u00f6netimindeki 07 CAF 757 plakal\u0131 yolcu otob\u00fcs\u00fc \u00e7arpt\u0131. \u015eiddetli \u00e7arp\u0131\u015fma sonucu otomobil hurdaya d\u00f6nerken, ara\u00e7ta bulunan s\u00fcr\u00fcc\u00fc Arif \u00d6zt\u00fcrk (58), e\u015fi Ay\u015fe \u00d6zt\u00fcrk (51) ve akrabalar\u0131ndan Ay\u015fe K. a\u011f\u0131r yaraland\u0131. Kaza an\u0131na tan\u0131kl\u0131k eden otob\u00fcs yolcular\u0131 aras\u0131nda bulunan bir doktor, yaral\u0131lara ilk m\u00fcdahaleyi olay yerinde yapt\u0131. \u0130hbar \u00fczerine olay yerine sa\u011fl\u0131k, polis ve itfaiye ekipleri sevk edildi. Yaral\u0131lar, ilk m\u00fcdahalelerinin ard\u0131ndan Kula Devlet Hastanesi\u2019ne kald\u0131r\u0131ld\u0131. Ancak yap\u0131lan t\u00fcm m\u00fcdahalelere ra\u011fmen Arif \u00d6zt\u00fcrk ve e\u015fi Ay\u015fe \u00d6zt\u00fcrk hayat\u0131n\u0131 kaybetti. Durumu a\u011f\u0131r olan Ay\u015fe K. ise Salihli Devlet Hastanesi\u2019ne sevk edilerek tedavi alt\u0131na al\u0131nd\u0131.<br \/>\n<br \/>Kazan\u0131n ard\u0131ndan otob\u00fcs s\u00fcr\u00fcc\u00fcs\u00fc Ali G. emniyet ekiplerince g\u00f6zalt\u0131na al\u0131n\u0131rken, olayla ilgili soru\u015fturma ba\u015flat\u0131ld\u0131.<br \/><\/p>\n","protected":false},"excerpt":{"rendered":"<p>Manisa\u2019n\u0131n Kula il\u00e7esinde otob\u00fcs ile otomobilin \u00e7arp\u0131\u015fmas\u0131 sonucu meydana gelen kazada, otomobilde bulunan kar\u0131-koca hayat\u0131n\u0131 kaybederken, 1 ki\u015fi de a\u011f\u0131r yaraland\u0131. Edinilen bilgilere g\u00f6re kaza, saat 17.00 s\u0131ralar\u0131nda Sanayi Kav\u015fa\u011f\u0131\u2019nda meydana geldi. Ayakkab\u0131c\u0131lar Sitesi istikametinden Sanayi Sitesi y\u00f6n\u00fcne ge\u00e7mek isteyen Arif \u00d6. idaresindeki 45 U 3063 plakal\u0131 otomobile, U\u015fak y\u00f6n\u00fcnden \u0130zmir istikametine seyir halinde olan&#8230;<\/p>\n","protected":false},"author":1,"featured_media":46400,"comment_status":"open","ping_status":"open","sticky":false,"template":"","format":"standard","meta":{"_crdt_document":"","footnotes":""},"categories":[5],"tags":[],"class_list":["post-46399","post","type-post","status-publish","format-standard","has-post-thumbnail","hentry","category-asayis"],"_links":{"self":[{"href":"https:\/\/www.egemtv.com\/index.php?rest_route=\/wp\/v2\/posts\/46399","targetHints":{"allow":["GET"]}}],"collection":[{"href":"https:\/\/www.egemtv.com\/index.php?rest_route=\/wp\/v2\/posts"}],"about":[{"href":"https:\/\/www.egemtv.com\/index.php?rest_route=\/wp\/v2\/types\/post"}],"author":[{"embeddable":true,"href":"https:\/\/www.egemtv.com\/index.php?rest_route=\/wp\/v2\/users\/1"}],"replies":[{"embeddable":true,"href":"https:\/\/www.egemtv.com\/index.php?rest_route=%2Fwp%2Fv2%2Fcomments&post=46399"}],"version-history":[{"count":1,"href":"https:\/\/www.egemtv.com\/index.php?rest_route=\/wp\/v2\/posts\/46399\/revisions"}],"predecessor-version":[{"id":46401,"href":"https:\/\/www.egemtv.com\/index.php?rest_route=\/wp\/v2\/posts\/46399\/revisions\/46401"}],"wp:featuredmedia":[{"embeddable":true,"href":"https:\/\/www.egemtv.com\/index.php?rest_route=\/wp\/v2\/media\/46400"}],"wp:attachment":[{"href":"https:\/\/www.egemtv.com\/index.php?rest_route=%2Fwp%2Fv2%2Fmedia&parent=46399"}],"wp:term":[{"taxonomy":"category","embeddable":true,"href":"https:\/\/www.egemtv.com\/index.php?rest_route=%2Fwp%2Fv2%2Fcategories&post=46399"},{"taxonomy":"post_tag","embeddable":true,"href":"https:\/\/www.egemtv.com\/index.php?rest_route=%2Fwp%2Fv2%2Ftags&post=46399"}],"curies":[{"name":"wp","href":"https:\/\/api.w.org\/{rel}","templated":true}]}}