{"id":46396,"date":"2025-08-02T20:15:15","date_gmt":"2025-08-02T17:15:15","guid":{"rendered":"https:\/\/www.egemtv.com\/?p=46396"},"modified":"2025-08-02T20:15:15","modified_gmt":"2025-08-02T17:15:15","slug":"onlarca-arac-ve-vatandas-gole-donen-alt-gecitte-mahsur-kaldi","status":"publish","type":"post","link":"https:\/\/www.egemtv.com\/?p=46396","title":{"rendered":"Onlarca ara\u00e7 ve vatanda\u015f g\u00f6le d\u00f6nen alt ge\u00e7itte mahsur kald\u0131"},"content":{"rendered":"<p>Denizli\u2019de sa\u011fanak ya\u011f\u0131\u015f sonras\u0131 Merkezefendi ve Pamukkale il\u00e7elerinde pek \u00e7ok noktada alt yap\u0131 yetersizli\u011fi vatanda\u015flar\u0131 ma\u011fdur etti. G\u00f6le d\u00f6nen alt ge\u00e7itte onlarca ara\u00e7 ve vatanda\u015f mahsur kal\u0131rken, bir\u00e7ok ev ve i\u015f yerinde ise su bask\u0131n\u0131 ya\u015fand\u0131.<br \/>\n<br \/>Denizli\u2019de saat 17.00 s\u0131ralar\u0131nda etkili olan sa\u011fanak ya\u011f\u0131\u015f kentte hayat\u0131 olumsuz etkiledi. Birka\u00e7 haftad\u0131r s\u00fcren s\u0131cakl\u0131klardan bunalan vatanda\u015flar ya\u011fmur ile beraber sevin\u00e7leri, kentteki alt yap\u0131 yetersizli\u011fi sebebiyle \u00e7ileye d\u00f6nd\u00fc. Sa\u011fanak ya\u011f\u0131\u015f ile birlikte Merkezefendi ve Pamukkale il\u00e7e merkezleri ile bu il\u00e7elere ba\u011fl\u0131 k\u0131rsal mahallerde su bask\u0131nlar\u0131 ya\u015fand\u0131. Bir\u00e7ok i\u015f yeri ve ev altyap\u0131 yetersizli\u011fi sebebiyle hem kanalizasyon hatlar\u0131ndan bask\u0131n oldu hem de ya\u011fmur suyu tahliyesini sa\u011flayan kanallar\u0131n t\u0131kal\u0131 olmas\u0131 nedeniyle ta\u015fk\u0131nlar ya\u015fand\u0131. Pamukkale il\u00e7esi Denizli -Antalya karayolunun ula\u015f\u0131m\u0131 sa\u011flayan Fevzi \u00c7akmak Bulvar\u0131 \u00fczerindeki alt ge\u00e7it ise g\u00f6le d\u00f6nd\u00fc. Bir\u00e7ok vatanda\u015f ve \u00e7ok say\u0131da ara\u00e7 g\u00f6rev denen alt ge\u00e7itte mahsur kald\u0131. Mahsur kalan vatanda\u015flar\u0131 kurtarmak i\u00e7in b\u00f6lgeye \u00e7ok say\u0131da ekip sevk edildi.<br \/><\/p>\n","protected":false},"excerpt":{"rendered":"<p>Denizli\u2019de sa\u011fanak ya\u011f\u0131\u015f sonras\u0131 Merkezefendi ve Pamukkale il\u00e7elerinde pek \u00e7ok noktada alt yap\u0131 yetersizli\u011fi vatanda\u015flar\u0131 ma\u011fdur etti. G\u00f6le d\u00f6nen alt ge\u00e7itte onlarca ara\u00e7 ve vatanda\u015f mahsur kal\u0131rken, bir\u00e7ok ev ve i\u015f yerinde ise su bask\u0131n\u0131 ya\u015fand\u0131. Denizli\u2019de saat 17.00 s\u0131ralar\u0131nda etkili olan sa\u011fanak ya\u011f\u0131\u015f kentte hayat\u0131 olumsuz etkiledi. Birka\u00e7 haftad\u0131r s\u00fcren s\u0131cakl\u0131klardan bunalan vatanda\u015flar ya\u011fmur&#8230;<\/p>\n","protected":false},"author":1,"featured_media":46397,"comment_status":"open","ping_status":"open","sticky":false,"template":"","format":"standard","meta":{"_crdt_document":"","footnotes":""},"categories":[5],"tags":[],"class_list":["post-46396","post","type-post","status-publish","format-standard","has-post-thumbnail","hentry","category-asayis"],"_links":{"self":[{"href":"https:\/\/www.egemtv.com\/index.php?rest_route=\/wp\/v2\/posts\/46396","targetHints":{"allow":["GET"]}}],"collection":[{"href":"https:\/\/www.egemtv.com\/index.php?rest_route=\/wp\/v2\/posts"}],"about":[{"href":"https:\/\/www.egemtv.com\/index.php?rest_route=\/wp\/v2\/types\/post"}],"author":[{"embeddable":true,"href":"https:\/\/www.egemtv.com\/index.php?rest_route=\/wp\/v2\/users\/1"}],"replies":[{"embeddable":true,"href":"https:\/\/www.egemtv.com\/index.php?rest_route=%2Fwp%2Fv2%2Fcomments&post=46396"}],"version-history":[{"count":1,"href":"https:\/\/www.egemtv.com\/index.php?rest_route=\/wp\/v2\/posts\/46396\/revisions"}],"predecessor-version":[{"id":46398,"href":"https:\/\/www.egemtv.com\/index.php?rest_route=\/wp\/v2\/posts\/46396\/revisions\/46398"}],"wp:featuredmedia":[{"embeddable":true,"href":"https:\/\/www.egemtv.com\/index.php?rest_route=\/wp\/v2\/media\/46397"}],"wp:attachment":[{"href":"https:\/\/www.egemtv.com\/index.php?rest_route=%2Fwp%2Fv2%2Fmedia&parent=46396"}],"wp:term":[{"taxonomy":"category","embeddable":true,"href":"https:\/\/www.egemtv.com\/index.php?rest_route=%2Fwp%2Fv2%2Fcategories&post=46396"},{"taxonomy":"post_tag","embeddable":true,"href":"https:\/\/www.egemtv.com\/index.php?rest_route=%2Fwp%2Fv2%2Ftags&post=46396"}],"curies":[{"name":"wp","href":"https:\/\/api.w.org\/{rel}","templated":true}]}}