{"id":46393,"date":"2025-08-02T19:35:37","date_gmt":"2025-08-02T16:35:37","guid":{"rendered":"https:\/\/www.egemtv.com\/?p=46393"},"modified":"2025-08-02T19:35:38","modified_gmt":"2025-08-02T16:35:38","slug":"bozdoganda-bir-gunde-2-motosiklet-kazasi","status":"publish","type":"post","link":"https:\/\/www.egemtv.com\/?p=46393","title":{"rendered":"Bozdo\u011fan\u2019da bir g\u00fcnde 2 motosiklet kazas\u0131"},"content":{"rendered":"<p>Ayd\u0131n\u2019\u0131n Bozdo\u011fan il\u00e7esinde motosiklet kazalar\u0131 endi\u015fe verici boyutlara ula\u015ft\u0131. Sadece bir g\u00fcn i\u00e7erisinde meydana gelen iki ayr\u0131 kazada biri a\u011f\u0131r olmak \u00fczere 2 ki\u015fi yaraland\u0131.<br \/>\n<br \/>Motosiklet say\u0131s\u0131n otomobil say\u0131s\u0131n\u0131 ge\u00e7ti\u011fi Ayd\u0131n\u2019da, her ge\u00e7en artan motosiklet kazalar\u0131 da endi\u015fe vermeye ba\u015flad\u0131. Bozdo\u011fan il\u00e7esinde g\u00fcn i\u00e7inde meydana gelen motosiklet kazas\u0131nda ise 1\u2019i a\u011f\u0131r 2 ki\u015fi yaraland\u0131. \u0130lk kaza il\u00e7e merkezinde ya\u015fand\u0131. G\u00f6rg\u00fc tan\u0131klar\u0131n\u0131n ifadelerine g\u00f6re bir motosiklet ile otomobil \u00e7arp\u0131\u015ft\u0131. Kazada motosiklet hurdaya d\u00f6nerken, s\u00fcr\u00fcc\u00fc hafif \u015fekilde yaraland\u0131. Otomobilde de maddi hasar olu\u015ftu. Kazan\u0131n ard\u0131ndan olay yerine gelen ekipler, yaral\u0131ya ayakta m\u00fcdahale etti.<br \/>\n<br \/>G\u00fcn\u00fcn ikinci ve daha ciddi kazas\u0131 ise Bozdo\u011fan-Nazilli karayolu Ziyaretli mevkiinde ya\u015fand\u0131. Edinilen bilgiye g\u00f6re A.E. isimli gen\u00e7 s\u00fcr\u00fcc\u00fc, kulland\u0131\u011f\u0131 motosikletin kontrol\u00fcn\u00fc kaybederek a\u011f\u0131r yaraland\u0131. Olay yerine gelen sa\u011fl\u0131k ekipleri, s\u00fcr\u00fcc\u00fcye ilk m\u00fcdahaleyi yapt\u0131ktan sonra ambulansla hastaneye sevk etti. Yaral\u0131n\u0131n durumunun ciddiyetini korudu\u011fu\u00f6\u011frenildi. Kazalar ile ilgili inceleme ba\u015flat\u0131ld\u0131.<br \/><\/p>\n","protected":false},"excerpt":{"rendered":"<p>Ayd\u0131n\u2019\u0131n Bozdo\u011fan il\u00e7esinde motosiklet kazalar\u0131 endi\u015fe verici boyutlara ula\u015ft\u0131. Sadece bir g\u00fcn i\u00e7erisinde meydana gelen iki ayr\u0131 kazada biri a\u011f\u0131r olmak \u00fczere 2 ki\u015fi yaraland\u0131. Motosiklet say\u0131s\u0131n otomobil say\u0131s\u0131n\u0131 ge\u00e7ti\u011fi Ayd\u0131n\u2019da, her ge\u00e7en artan motosiklet kazalar\u0131 da endi\u015fe vermeye ba\u015flad\u0131. Bozdo\u011fan il\u00e7esinde g\u00fcn i\u00e7inde meydana gelen motosiklet kazas\u0131nda ise 1\u2019i a\u011f\u0131r 2 ki\u015fi yaraland\u0131. \u0130lk&#8230;<\/p>\n","protected":false},"author":1,"featured_media":46394,"comment_status":"open","ping_status":"open","sticky":false,"template":"","format":"standard","meta":{"_crdt_document":"","footnotes":""},"categories":[5],"tags":[],"class_list":["post-46393","post","type-post","status-publish","format-standard","has-post-thumbnail","hentry","category-asayis"],"_links":{"self":[{"href":"https:\/\/www.egemtv.com\/index.php?rest_route=\/wp\/v2\/posts\/46393","targetHints":{"allow":["GET"]}}],"collection":[{"href":"https:\/\/www.egemtv.com\/index.php?rest_route=\/wp\/v2\/posts"}],"about":[{"href":"https:\/\/www.egemtv.com\/index.php?rest_route=\/wp\/v2\/types\/post"}],"author":[{"embeddable":true,"href":"https:\/\/www.egemtv.com\/index.php?rest_route=\/wp\/v2\/users\/1"}],"replies":[{"embeddable":true,"href":"https:\/\/www.egemtv.com\/index.php?rest_route=%2Fwp%2Fv2%2Fcomments&post=46393"}],"version-history":[{"count":1,"href":"https:\/\/www.egemtv.com\/index.php?rest_route=\/wp\/v2\/posts\/46393\/revisions"}],"predecessor-version":[{"id":46395,"href":"https:\/\/www.egemtv.com\/index.php?rest_route=\/wp\/v2\/posts\/46393\/revisions\/46395"}],"wp:featuredmedia":[{"embeddable":true,"href":"https:\/\/www.egemtv.com\/index.php?rest_route=\/wp\/v2\/media\/46394"}],"wp:attachment":[{"href":"https:\/\/www.egemtv.com\/index.php?rest_route=%2Fwp%2Fv2%2Fmedia&parent=46393"}],"wp:term":[{"taxonomy":"category","embeddable":true,"href":"https:\/\/www.egemtv.com\/index.php?rest_route=%2Fwp%2Fv2%2Fcategories&post=46393"},{"taxonomy":"post_tag","embeddable":true,"href":"https:\/\/www.egemtv.com\/index.php?rest_route=%2Fwp%2Fv2%2Ftags&post=46393"}],"curies":[{"name":"wp","href":"https:\/\/api.w.org\/{rel}","templated":true}]}}