{"id":46390,"date":"2025-08-02T18:14:42","date_gmt":"2025-08-02T15:14:42","guid":{"rendered":"https:\/\/www.egemtv.com\/?p=46390"},"modified":"2025-08-02T18:14:42","modified_gmt":"2025-08-02T15:14:42","slug":"ak-parti-sozcusu-celik-ozgur-ozelin-cumhurbaskanimizi-filistin-konusunda-elestirecek-kapasitesi-yoktur","status":"publish","type":"post","link":"https:\/\/www.egemtv.com\/?p=46390","title":{"rendered":"AK Parti S\u00f6zc\u00fcs\u00fc \u00c7elik: &#8220;\u00d6zg\u00fcr \u00d6zel\u2019in Cumhurba\u015fkan\u0131m\u0131z\u0131 Filistin konusunda ele\u015ftirecek kapasitesi yoktur&#8221;"},"content":{"rendered":"<p>AK Parti S\u00f6zc\u00fcs\u00fc \u00d6mer \u00c7elik, &#8220;\u00d6zg\u00fcr \u00d6zel\u2019in, herhangi bir \u015fekilde Cumhurba\u015fkan\u0131m\u0131z\u0131n Filistin hassasiyetini ve d\u0131\u015f politika konusunda ortaya koydu\u011fu iradeyi ele\u015ftirecek b\u00f6yle bir kapasitesi yoktur. Tam tersine, kendi partisindeki bu savrulmay\u0131 ve bu i\u00e7ler ac\u0131s\u0131 durumu d\u00fczeltmekle u\u011fra\u015fmal\u0131 ve bununla y\u00fczle\u015fmeli&#8221; dedi.<br \/>\n<br \/>AK Parti Te\u015fkilat Akademisi Mu\u011fla E\u011fitim Program\u0131\u2019na kat\u0131lan AK Parti S\u00f6zc\u00fcs\u00fc \u00d6mer \u00c7elik, toplant\u0131 sonras\u0131 a\u00e7\u0131klama yapt\u0131. \u00c7elik, &#8220;Suriye ile T\u00fcrkiye aras\u0131ndaki do\u011falgaz boru hatt\u0131n\u0131n hayata ge\u00e7mi\u015f olmas\u0131 y\u0131llar evvel Say\u0131n Cumhurba\u015fkan\u0131m\u0131z\u0131n ortaya koydu\u011fu vizyonun somutla\u015fmas\u0131 a\u00e7\u0131s\u0131ndan ve o \u00f6ng\u00f6r\u00fcn\u00fcn ne kadar b\u00fcy\u00fck bir \u00f6ng\u00f6r\u00fc oldu\u011funun anla\u015f\u0131lmas\u0131 a\u00e7\u0131s\u0131ndan bir kere daha g\u00f6r\u00fclm\u00fc\u015ft\u00fcr. Suriye\u2019de olaylar\u0131n ba\u015flad\u0131\u011f\u0131 andan itibaren Say\u0131n Cumhurba\u015fkan\u0131m\u0131z orada reformlar yap\u0131lmas\u0131n\u0131, devlet hayat\u0131n\u0131n reforme edilmesini, o zamanki Esad y\u00f6netimine \u00f6nermi\u015fti. Bu reformlar\u0131n ger\u00e7ekle\u015fmesi i\u00e7in Devlet Planlama Te\u015fkilat\u0131ndan heyetler gidip gelmeye ba\u015fl\u0131yordu. Fakat o zamanki y\u00f6netim Cumhurba\u015fkan\u0131m\u0131z\u0131n ortaya koydu\u011fu bu vizyonun de\u011ferini bilemedi. Maalesef o katliam siyasetine uzun y\u0131llar boyunca imza att\u0131lar. G\u00fcn\u00fcn sonunda b\u00fct\u00fcn bu katliama imza atanlar, \u00e7ok utan\u00e7 verici bir \u015fekilde b\u00fct\u00fcn bu katliamlar\u0131 ger\u00e7ekle\u015ftirenler, kendi kaderiyle \u015fuan da ba\u015f ba\u015falar&#8221; dedi.<\/p>\n<p>&#8220;Suriye Suriyeliler taraf\u0131ndan y\u00f6netilmelidir&#8221;<br \/>\n<br \/>Suriye\u2019de yeni bir y\u00f6netimin bulundu\u011funu a\u00e7\u0131klayan \u00c7elik, &#8220;Burada Cumhurba\u015fkan\u0131m\u0131z\u0131n ifade etti\u011fi 2 temel prensip T\u00fcrkiye a\u00e7\u0131s\u0131ndan en g\u00fc\u00e7l\u00fc \u015fekilde desteklenmektedir. Bir tanesi Suriye\u2019nin toprak b\u00fct\u00fcnl\u00fc\u011f\u00fcn\u00fcn korunmas\u0131. \u0130kincisi; Suriye, Suriyelilerindir, Suriye Suriyeliler taraf\u0131ndan y\u00f6netilmelidir ilkesi \u00e7er\u00e7evesinde milli egemenli\u011finin korunmas\u0131. Burada da \u00e7e\u015fitli zamanlarda ortaya \u00e7\u0131kan krizlere yard\u0131m istendi\u011finde Suriye halk\u0131n\u0131n yan\u0131nda oldu T\u00fcrkiye en son orada D\u00fcrzileri temsil etmeyen sadece Siyonist siyasetin bir par\u00e7as\u0131 olarak hareket eden bir D\u00fcrzi liderin provokasyonu kar\u015f\u0131s\u0131nda bir istikrars\u0131zla\u015ft\u0131rma faaliyeti g\u00f6r\u00fcld\u00fc. Daha sonra bunun arkas\u0131nda yine \u0130srail\u2019in oldu\u011fu net bir \u015fekilde ortaya \u00e7\u0131km\u0131\u015f oldu. Bu \u00e7er\u00e7evede bak\u0131ld\u0131\u011f\u0131nda T\u00fcrkiye\u2019ye ise Suriye\u2019yi Suriyeliler taraf\u0131ndan y\u00f6netilsin, toprak b\u00fct\u00fcnl\u00fc\u011f\u00fc korunsun, milli egemenli\u011fi korunsun \u00e7er\u00e7evesinde bu g\u00fc\u00e7l\u00fc deste\u011fi vermeye devam etti. Bug\u00fcn ise ortaya koyulan bu vizyonla Azerbaycan\u2019dan gelecek gaz\u0131n T\u00fcrkiye \u00fczerinden Suriye\u2019ye aktar\u0131lacak olmas\u0131yla asl\u0131nda Suriye\u2019nin y\u0131k\u0131lm\u0131\u015f, y\u0131pranm\u0131\u015f alt yap\u0131s\u0131n\u0131n aya\u011fa kalkmas\u0131, sosyal hayat\u0131n aya\u011fa kalkmas\u0131 bak\u0131m\u0131ndan son derece \u00f6nemli bir vizyon ortaya koymu\u015f oluyor&#8221; dedi.<\/p>\n<p>&#8220;T\u00fcrkiye kendi b\u00f6lgesinde istikrar\u0131 sa\u011flama a\u00e7\u0131s\u0131ndan \u00f6nemli bir vizyona sahip&#8221;<br \/>\n<br \/>T\u00fcrkiye\u2019nin b\u00f6lgesinden istikrar\u0131 sa\u011flamada \u00f6nemli bir vizyon \u00fcstlendi\u011fini belirten \u00d6mer \u00c7elik, &#8220;Cumhurba\u015fkan\u0131m\u0131z y\u0131llard\u0131r T\u00fcrkiye\u2019nin enerji konusunda sadece bir ge\u00e7i\u015f noktas\u0131 de\u011fil, ayn\u0131 zamanda enerji politi\u011fin merkezi olmas\u0131na d\u00f6n\u00fck olarak da b\u00fcy\u00fck siyasetleri y\u0131llar i\u00e7erisinde hayata ge\u00e7irdi. Sadece enerji konusunda ge\u00e7i\u015f noktas\u0131 de\u011fil enerji politi\u011fin merkez \u00fclkesi olarak T\u00fcrkiye bu y\u0131llar i\u00e7erisinde g\u00fc\u00e7lendi. Bu \u00e7er\u00e7evede bak\u0131ld\u0131\u011f\u0131nda da bug\u00fcn ortaya koyulan bu vizyon, do\u011falgaz boru hatt\u0131n\u0131n hayata ge\u00e7mesi esas\u0131nda T\u00fcrkiye\u2019nin kendi b\u00f6lgesinde bir istikrar\u0131 sa\u011flama, g\u00fcvenli\u011fi sa\u011flama a\u00e7\u0131s\u0131ndan ne kadar \u00f6nemli bir vizyona sahip oldu\u011funu g\u00f6steriyor. Bu b\u00f6lgede b\u00fcy\u00fck devletlerin bir k\u0131sm\u0131 vekalet sava\u015flar\u0131 yoluyla her \u015feyi istikrars\u0131zla\u015ft\u0131rmaya \u00e7al\u0131\u015f\u0131rken, T\u00fcrkiye\u2019nin ise kom\u015fular\u0131nda istikrar\u0131n pe\u015finde oldu\u011fu net bir \u015fekilde g\u00f6r\u00fcl\u00fcyor.  Dolay\u0131s\u0131yla ter\u00f6rs\u00fcz T\u00fcrkiye vizyonumuzun ger\u00e7ekle\u015fmesi halinde ayn\u0131 zamanda bunun ter\u00f6rs\u00fcz b\u00f6lge denklemine de ilham kayna\u011f\u0131 olaca\u011f\u0131n\u0131 s\u00f6ylemi\u015ftik. Bu ter\u00f6r \u00f6rg\u00fctlerinin ortadan kalkmas\u0131yla feshedilmesi ve silah b\u0131rak\u0131lmas\u0131yla birlikte her t\u00fcrl\u00fc ekonomik i\u015fbirli\u011fi, bug\u00fcn ortaya \u00e7\u0131kan do\u011falgaz boru hatt\u0131nda oldu\u011fu gibi, kar\u015f\u0131l\u0131kl\u0131 olarak k\u00fclt\u00fcrel i\u015fbirli\u011fi, birbirinin desteklenmesi ve b\u00fct\u00fcn b\u00f6lgede bar\u0131\u015f\u0131n hakim olmas\u0131 bak\u0131m\u0131ndan T\u00fcrkiye\u2019nin nas\u0131l bir kapasite ortaya koyabilece\u011fi, nas\u0131l bir \u00f6rneklik te\u015fkil edebilece\u011fi, kendi karde\u015fleriyle nas\u0131l kol kola y\u00fcr\u00fcyebilece\u011fi a\u00e7\u0131s\u0131ndan son derece \u00f6nemli bir tablo ortaya \u00e7\u0131km\u0131\u015f oldu&#8221; dedi.<\/p>\n<p>&#8220;Suriye konusunda sadece g\u00fcvenlik esas de\u011fil&#8221;<br \/>\n<br \/>Suriye\u2019nin g\u00fcvenlik konusunda T\u00fcrkiye\u2019den destek istedi\u011finde buna hemen cevap verildi\u011fini belirten \u00c7elik, &#8220;Suriye devleti g\u00fcvenlik konusunda T\u00fcrkiye\u2019den destek istedi\u011finde, g\u00fcvenlik konusunda i\u015f birli\u011finin geli\u015ftirilmesi konusunda yakla\u015f\u0131m bekledi\u011finde buna hemen cevap verilmi\u015fti. Cumhurba\u015fkan\u0131m\u0131z\u0131n talimatlar\u0131 do\u011frultusunda, Milli Savunma Bakanl\u0131\u011f\u0131m\u0131z bu destekle ilgili olarak haz\u0131rl\u0131klar\u0131n tamamland\u0131\u011f\u0131n\u0131 ve faaliyete ge\u00e7ilece\u011fini ifade etmi\u015fti. O zaman baz\u0131 muhalefet odaklar\u0131 \u00e7\u0131km\u0131\u015ft\u0131; \u2018Bu i\u015fler sadece bir g\u00fcvenlik yakla\u015f\u0131m\u0131yla olmaz, bunun daha b\u00fcy\u00fck bir \u00e7er\u00e7evede ele al\u0131nmas\u0131 laz\u0131m\u2019 demi\u015flerdi. Halbuki biz meseleyi sadece g\u00fcvenli\u011fe indirgemedi\u011fimizi, g\u00fcvenli\u011fin esas oldu\u011funu ama di\u011fer alanlar\u0131n da arkas\u0131ndan gelece\u011fini ifade etmi\u015ftik. \u0130\u015fte bug\u00fcnk\u00fc do\u011fal gaz boru hatt\u0131n\u0131n hayata ge\u00e7mesi, bunu net bir \u015fekilde ortaya koymu\u015f oldu&#8221; dedi.<\/p>\n<p>&#8220;Filistin konusunda en hassan lider Cumhurba\u015fkan\u0131m\u0131z oldu\u011fu ger\u00e7ektir&#8221;<br \/>\n<br \/>CHP Genel Ba\u015fkan\u0131 \u00d6zg\u00fcr \u00d6zel\u2019in Cumhurba\u015fkan\u0131 Recep Tayyip Erdo\u011fan\u2019\u0131 Filistin konusunda hassasiyetlerini sorgulamas\u0131n\u0131 ele\u015ftiren \u00c7elik, &#8220;Cumhuriyet Halk Partisi Genel Ba\u015fkan\u0131 Say\u0131n \u00d6zg\u00fcr \u00d6zel\u2019in giderek savrulan bir bi\u00e7imde, giderek zeminsiz ve dayanaks\u0131z bir \u015fekilde, Say\u0131n Cumhurba\u015fkan\u0131m\u0131z hakk\u0131nda s\u00fcrekli olarak ele\u015ftiri ad\u0131 alt\u0131nda yapt\u0131\u011f\u0131 vahim hatalar ve yanl\u0131\u015flar. Yine Filistin konusunda Say\u0131n Cumhurba\u015fkan\u0131m\u0131z\u0131n hassasiyetini sorgulamaya kalkm\u0131\u015f. Bak\u0131n, \u015fu net bir durumdur: Bug\u00fcn b\u00fct\u00fcn d\u00fcnyada, b\u00fct\u00fcn dinlerden, b\u00fct\u00fcn etnik topluluklardan, b\u00fct\u00fcn milletlerden, Filistin konusundaki hassasiyetle ilgili bir insanl\u0131k cephesi olu\u015fmu\u015f durumda ve bu insanl\u0131k cephesinin b\u00fct\u00fcn \u00fcyeleri, Filistin konusunda en net konu\u015fan, en g\u00fcr \u015fekilde konu\u015fan, en sa\u011flam ad\u0131mlar\u0131 atan liderin, Cumhurba\u015fkan\u0131m\u0131z oldu\u011fu ger\u00e7ektir. \u00d6zg\u00fcr \u00d6zel\u2019in Filistin hassasiyetini sorgulamas\u0131na d\u00f6n\u00fck s\u00f6ylediklerinin hi\u00e7bir dayana\u011f\u0131 yoktur. Hi\u00e7bir zemini yoktur. Kimse taraf\u0131ndan da ciddiye al\u0131nan bir \u015fey de\u011fildir. D\u00fcnyan\u0131n her taraf\u0131nda, Filistin i\u00e7in bir araya gelmi\u015f insanlar taraf\u0131ndan \u00d6zg\u00fcr \u00d6zel\u2019in s\u00f6zleri ciddiye al\u0131nmaz. Yine ayn\u0131 \u015fekilde \u015funu s\u00f6ylemek isterim ve bu son derece net bir \u015feydir: \u00d6zg\u00fcr \u00d6zel\u2019in, Cumhurba\u015fkan\u0131m\u0131z\u0131n Filistin hassasiyetini sorgulamaya d\u00f6n\u00fck s\u00f6zleri, Filistin\u2019de, Gazze\u2019de herhangi bir yerde duyuldu\u011fu anda; b\u00fct\u00fcn Filistinliler, b\u00fct\u00fcn Gazzeliler bunu \u0130srail propagandas\u0131n\u0131n bir par\u00e7as\u0131 olarak d\u00fc\u015f\u00fcn\u00fcrler. \u0130srail\u2019in kara propaganda makinesinin, Siyonist propaganda makinesinin en \u00e7ok hedef ald\u0131\u011f\u0131 lider Say\u0131n Cumhurba\u015fkan\u0131m\u0131zd\u0131r. \u00d6zg\u00fcr \u00d6zel\u2019in bir muhalefet genel ba\u015fkan\u0131 olarak zeminsiz, dayanaks\u0131z ele\u015ftiri k\u00fclliyat\u0131n\u0131; ele\u015ftiri ad\u0131 alt\u0131nda koydu\u011fu, ortaya koydu\u011fu bu vahim hatalar k\u00fclliyat\u0131n\u0131 devam ettirmesi, tabii kendisi a\u00e7\u0131s\u0131ndan bak\u0131ld\u0131\u011f\u0131nda b\u00fcy\u00fck bir siyasi yanl\u0131\u015f birikimi oluyor. Nihayetinde T\u00fcrkiye\u2019nin i\u00e7indeki bir muhalefet partisinin, Filistin konusunda \u0130srail propaganda makinesinin par\u00e7as\u0131 olarak alg\u0131lanabilecek \u015fekilde bu \u015fekilde konu\u015fmas\u0131 son derece yanl\u0131\u015f bir durumdur&#8221; dedi.<\/p>\n<p>&#8220;CHP Genel Ba\u015fkan\u0131 s\u00fcrekli yanl\u0131\u015f yapmaya devam ediyor&#8221;<br \/>\n<br \/>CHP Genel Ba\u015fkan\u0131 \u00d6zg\u00fcr \u00d6zel\u2019in d\u0131\u015f politika ve Filistin konusunda Cumhurba\u015fkan\u0131 Recep Tayyip Erdo\u011fan\u2019\u0131 sorgulama gibi bir kapasitesinin bulunmad\u0131\u011f\u0131 belirten \u00c7elik, &#8220;Cumhuriyet Halk Partisi\u2019nin bu \u00e7izgiye d\u00fc\u015fmesi, bu \u00e7izgiye \u00e7ekilmesi, Cumhuriyet Halk Partisi gibi k\u00f6kl\u00fc bir parti a\u00e7\u0131s\u0131ndan da son derece vahimdir. Yine b\u00fct\u00fcn di\u011fer d\u0131\u015f politika meselelerinde de s\u00fcrekli olarak yanl\u0131\u015f yapmaya devam ediyorlar. Daha \u00f6nce de Filistin meselesiyle ilgili olarak Bogota Bildirisi\u2019yle ilgili ayn\u0131 yanl\u0131\u015f\u0131 yapt\u0131lar. Halbuki Say\u0131n \u00d6zg\u00fcr \u00d6zel\u2019in hesapla\u015fmas\u0131 gereken konu \u015fudur: Birle\u015fmi\u015f Milletlerin me\u015fru kabul etti\u011fi ve T\u00fcrkiye\u2019nin de dostu olan Libya\u2019daki h\u00fck\u00fcmet, Birle\u015fmi\u015f Milletler taraf\u0131ndan da me\u015fru h\u00fck\u00fcmet kabul edilen h\u00fck\u00fcmet, T\u00fcrkiye ile iyi ili\u015fkiler geli\u015ftirirken, onu ele\u015ftiren ve T\u00fcrkiye\u2019ye silah \u00e7eken unsurlar\u0131 destekleyen a\u00e7\u0131klama yapanlar Cumhuriyet Halk Partisi\u2019nin siyaset\u00e7ileriydi. T\u00fcrkiye\u2019nin en \u00f6nemli tezlerinden biri olan Mavi Vatan tezi konusunda, Mavi Vatan\u2019\u0131 reddeden, Mavi Vatan\u2019a do\u011frudan, omurgas\u0131ndan sald\u0131ran konu\u015fmalar ve a\u00e7\u0131klamalar, Say\u0131n \u00d6zg\u00fcr \u00d6zel\u2019in yak\u0131n ekibi taraf\u0131ndan yap\u0131lm\u0131\u015ft\u0131r. Bu konu\u015fmalar yap\u0131ld\u0131\u011f\u0131 zaman, Mavi Vatan\u2019a bu sald\u0131r\u0131 Cumhuriyet Halk Partisi\u2019nden geldi\u011fi zaman, o zaman da ifade ettik: \u2018Bak\u0131n,\u2019 dedik, \u2018Yunanistan\u2019daki gazetelerin man\u015fetleri Mavi Vatan\u2019a sald\u0131ran bu CHP\u2019li siyaset\u00e7iyi \u00f6v\u00fcyor\u2019 Yine ayn\u0131 \u015fekilde, s\u0131n\u0131r\u0131m\u0131z\u0131n dibinde herhangi bir ter\u00f6r devlet\u00e7i\u011fi kurulmas\u0131n diye F\u0131rat Kalkan\u0131, Zeytin Dal\u0131 gibi yapt\u0131\u011f\u0131m\u0131z kara harek\u00e2tlar\u0131n\u0131n ele\u015ftirisi Meclis\u2019te yine Cumhuriyet Halk Partili siyaset\u00e7ilerden geldi. Hat\u0131rlay\u0131n\u0131z, can Azerbaycan kendi \u00f6z topra\u011f\u0131 olan Karaba\u011f i\u00e7in m\u00fccadele ederken, T\u00fcrkiye Karaba\u011f\u2019a cihat\u00e7\u0131lar\u0131 g\u00f6nderiyor diyerekten yalan siyasetiyle iftira atan; hem can Azerbaycan\u2019\u0131n m\u00fccadelesine g\u00f6lge d\u00fc\u015f\u00fcrmeye \u00e7al\u0131\u015fan hem T\u00fcrkiye\u2019nin deste\u011fine g\u00f6lge d\u00fc\u015f\u00fcrmeye \u00e7al\u0131\u015fan a\u00e7\u0131klama, yine bir Cumhuriyet Halk Partisi milletvekilinden geldi. Dolay\u0131s\u0131yla Say\u0131n \u00d6zg\u00fcr \u00d6zel\u2019in, herhangi bir \u015fekilde Cumhurba\u015fkan\u0131m\u0131z\u0131n Filistin hassasiyetini ve d\u0131\u015f politika konusunda ortaya koydu\u011fu iradeyi ele\u015ftirecek b\u00f6yle bir kapasitesi yoktur. Tam tersine, kendi partisindeki bu savrulmay\u0131 ve bu i\u00e7ler ac\u0131s\u0131 durumu d\u00fczeltmekle u\u011fra\u015fmal\u0131 ve bununla y\u00fczle\u015fmeli. Yine, Cumhurba\u015fkan\u0131m\u0131z\u0131n siyasi kararlar\u0131n\u0131 al\u0131rken baz\u0131 odaklardan, baz\u0131 \u00fclkelerden, baz\u0131 siyasi ki\u015filiklerden korktu\u011funu ifade ediyor. Yani bu, asl\u0131nda \u00d6zg\u00fcr \u00d6zel\u2019in geldi\u011fi noktay\u0131 g\u00f6stermesi a\u00e7\u0131s\u0131ndan son derece trajik bir yakla\u015f\u0131md\u0131r&#8221; dedi.<\/p>\n<p>&#8220;Filistin davas\u0131 T\u00fcrkiye\u2019nin milli davas\u0131d\u0131r&#8221;<br \/>\n<br \/>Filistin davas\u0131n\u0131n T\u00fcrkiye\u2019nin milli davas\u0131 oldu\u011funu belirten \u00c7elik, &#8220;Burada, Cumhurba\u015fkan\u0131m\u0131z\u0131n \u015fimdiye kadar siyasi kararlar\u0131n\u0131 al\u0131rken, d\u00fcnyada kim ne derse desin, bu karar\u0131n do\u011frulu\u011fu ve bu karar\u0131n ilkeli olmas\u0131 etraf\u0131nda siyasi iradesini \u015fekillendirdi\u011fi, b\u00fct\u00fcn d\u00fcnyada kabul edilen bir \u015fey. Zaten o sebeple, uzun y\u0131llar boyunca \u2018T\u00fcrkiye Bat\u0131\u2019dan kopuyor\u2019 denildi, \u2018T\u00fcrkiye y\u00f6n de\u011fi\u015ftiriyor\u2019 denildi, \u2018T\u00fcrkiye\u2019de eksen kaymas\u0131 var\u2019 denildi T\u00fcrkiye\u2019nin \u00fczerine bask\u0131 kurmak i\u00e7in. T\u00fcrkiye d\u0131\u015f politikada bir tak\u0131m eksen kaymas\u0131na u\u011fruyor diye y\u0131llarca bu propagandalar yap\u0131ld\u0131. Ama Cumhurba\u015fkan\u0131m\u0131z, burada do\u011fru kararlar\u0131n ve ilkeli kararlar\u0131n al\u0131nmas\u0131 ve uygulanmas\u0131 konusunda hi\u00e7bir zaman taviz vermedi. Dolay\u0131s\u0131yla burada bak\u0131lacaksa, korkmaktan, \u00e7ekinmekten, teslimiyet\u00e7ilikten bahsedilecekse, \u00d6zg\u00fcr \u00d6zel\u2019e tavsiyemiz; biraz evvel bahsetti\u011fim, Cumhuriyet Halk Partili siyaset\u00e7ilerin T\u00fcrkiye\u2019nin tezlerine kar\u015f\u0131 ba\u015fka devletlerin tezlerini, hem can Azerbaycan konusunda, Karaba\u011f konusunda, hem Do\u011fu Akdeniz konusunda, hem Mavi Vatan konusunda, hem de Libya konusunda, hem de askeri harekatlar konusunda, niye bu \u015fekilde ele ald\u0131\u011f\u0131d\u0131r? Hangi teslimiyet\u00e7ili\u011fin, hangi korkunun neticesi olarak b\u00fct\u00fcn bu s\u00f6ylemler, \u00d6zg\u00fcr \u00d6zel\u2019in ekibi taraf\u0131ndan T\u00fcrkiye kar\u015f\u0131t\u0131 odaklar\u0131 sevindirecek \u015fekilde ortaya konulmaktad\u0131r? Dolay\u0131s\u0131yla \u00d6zg\u00fcr \u00d6zel\u2019in de\u011ferlendirmesi gereken konu budur. Bunlara da bak\u0131ld\u0131\u011f\u0131nda, hem Filistinli karde\u015flerimiz y\u0131llardan beri ve Filistin\u2019in \u00f6nde gelen liderleri net bir \u015fekilde bunu ifade ederler: En g\u00fc\u00e7l\u00fc destek, en zor zamanlarda en net destek, hi\u00e7 kesilmemi\u015f destek; Ba\u015fbakanl\u0131\u011f\u0131 d\u00f6neminde ve Cumhurba\u015fkanl\u0131\u011f\u0131 d\u00f6neminde Say\u0131n Cumhurba\u015fkan\u0131m\u0131z taraf\u0131ndan Filistin davas\u0131na verilmi\u015ftir. Say\u0131n Cumhurba\u015fkan\u0131m\u0131z, \u2018Filistin davas\u0131 T\u00fcrkiye\u2019nin milli davas\u0131d\u0131r\u2019 diyerek bu c\u00fcmleyi ilk defa T\u00fcrk siyasi tarihinde kurarak, asl\u0131nda insanl\u0131kla ilgili olan bu davan\u0131n T\u00fcrkiye\u2019nin bir milli davas\u0131 olarak ele al\u0131nmas\u0131 konusunda net tutumunu ortaya koydu. Ondan sonra da, defalarca a\u00e7\u0131kland\u0131\u011f\u0131 \u00fczere, bir s\u00fcr\u00fc ad\u0131m at\u0131ld\u0131, bir s\u00fcr\u00fc eylem plan\u0131 ger\u00e7ekle\u015ftirildi ve bu irade bu \u015fekilde s\u00f6yleniyor. Gitsin \u00d6zg\u00fcr \u00d6zel, Filistin\u2019in ya da herhangi bir Filistinlinin \u00f6n\u00fcnde bu c\u00fcmleleri zikretsin, alaca\u011f\u0131 cevab\u0131 g\u00f6recektir. Biz burada, Say\u0131n Cumhurba\u015fkan\u0131m\u0131z\u0131n Filistin konusundaki iradesine bir kere daha \u015f\u00fckranlar\u0131m\u0131z\u0131 sunuyoruz&#8221; dedi.<br \/><\/p>\n","protected":false},"excerpt":{"rendered":"<p>AK Parti S\u00f6zc\u00fcs\u00fc \u00d6mer \u00c7elik, &#8220;\u00d6zg\u00fcr \u00d6zel\u2019in, herhangi bir \u015fekilde Cumhurba\u015fkan\u0131m\u0131z\u0131n Filistin hassasiyetini ve d\u0131\u015f politika konusunda ortaya koydu\u011fu iradeyi ele\u015ftirecek b\u00f6yle bir kapasitesi yoktur. Tam tersine, kendi partisindeki bu savrulmay\u0131 ve bu i\u00e7ler ac\u0131s\u0131 durumu d\u00fczeltmekle u\u011fra\u015fmal\u0131 ve bununla y\u00fczle\u015fmeli&#8221; dedi. AK Parti Te\u015fkilat Akademisi Mu\u011fla E\u011fitim Program\u0131\u2019na kat\u0131lan AK Parti S\u00f6zc\u00fcs\u00fc \u00d6mer \u00c7elik,&#8230;<\/p>\n","protected":false},"author":1,"featured_media":46391,"comment_status":"open","ping_status":"open","sticky":false,"template":"","format":"standard","meta":{"_crdt_document":"","footnotes":""},"categories":[127],"tags":[],"class_list":["post-46390","post","type-post","status-publish","format-standard","has-post-thumbnail","hentry","category-siyaset"],"_links":{"self":[{"href":"https:\/\/www.egemtv.com\/index.php?rest_route=\/wp\/v2\/posts\/46390","targetHints":{"allow":["GET"]}}],"collection":[{"href":"https:\/\/www.egemtv.com\/index.php?rest_route=\/wp\/v2\/posts"}],"about":[{"href":"https:\/\/www.egemtv.com\/index.php?rest_route=\/wp\/v2\/types\/post"}],"author":[{"embeddable":true,"href":"https:\/\/www.egemtv.com\/index.php?rest_route=\/wp\/v2\/users\/1"}],"replies":[{"embeddable":true,"href":"https:\/\/www.egemtv.com\/index.php?rest_route=%2Fwp%2Fv2%2Fcomments&post=46390"}],"version-history":[{"count":1,"href":"https:\/\/www.egemtv.com\/index.php?rest_route=\/wp\/v2\/posts\/46390\/revisions"}],"predecessor-version":[{"id":46392,"href":"https:\/\/www.egemtv.com\/index.php?rest_route=\/wp\/v2\/posts\/46390\/revisions\/46392"}],"wp:featuredmedia":[{"embeddable":true,"href":"https:\/\/www.egemtv.com\/index.php?rest_route=\/wp\/v2\/media\/46391"}],"wp:attachment":[{"href":"https:\/\/www.egemtv.com\/index.php?rest_route=%2Fwp%2Fv2%2Fmedia&parent=46390"}],"wp:term":[{"taxonomy":"category","embeddable":true,"href":"https:\/\/www.egemtv.com\/index.php?rest_route=%2Fwp%2Fv2%2Fcategories&post=46390"},{"taxonomy":"post_tag","embeddable":true,"href":"https:\/\/www.egemtv.com\/index.php?rest_route=%2Fwp%2Fv2%2Ftags&post=46390"}],"curies":[{"name":"wp","href":"https:\/\/api.w.org\/{rel}","templated":true}]}}