{"id":46387,"date":"2025-08-02T17:14:33","date_gmt":"2025-08-02T14:14:33","guid":{"rendered":"https:\/\/www.egemtv.com\/?p=46387"},"modified":"2025-08-02T17:14:33","modified_gmt":"2025-08-02T14:14:33","slug":"gumbet-koyundaki-cevre-sorunu-icin-otelciler-derneginden-aciklama","status":"publish","type":"post","link":"https:\/\/www.egemtv.com\/?p=46387","title":{"rendered":"G\u00fcmbet Koyu\u2019ndaki \u00e7evre sorunu i\u00e7in otelciler derne\u011finden a\u00e7\u0131klama"},"content":{"rendered":"<p>Bodrum\u2019un G\u00fcmbet Koyu\u2019nda ya\u015fanan \u00e7evresel sorunlara ili\u015fkin sosyal medyada yer alan payla\u015f\u0131mlar sonras\u0131 Bodrum Otelciler Derne\u011fi (BODER) yaz\u0131l\u0131 bir a\u00e7\u0131klama yay\u0131mlad\u0131. Dernek, kamuoyunun do\u011fru bilgilendirilmesi ad\u0131na a\u00e7\u0131klama yapma gere\u011fi duyuldu\u011funu belirtti.<br \/>\n<br \/>BODER taraf\u0131ndan yap\u0131lan a\u00e7\u0131klamada, G\u00fcmbet Koyu\u2019nda faaliyet g\u00f6steren otellerin \u00e7evresinde meydana gelen r\u00f6gar t\u0131kan\u0131kl\u0131\u011f\u0131 ve teknik ar\u0131zan\u0131n baz\u0131 sosyal medya payla\u015f\u0131mlar\u0131nda do\u011frudan otellere atfedildi\u011fi belirtilerek, bu durumun ilgili i\u015fletmeleri zan alt\u0131nda b\u0131rakt\u0131\u011f\u0131 ifade edildi. Teknik ar\u0131zan\u0131n, b\u00f6lgedeki terfi istasyonunda meydana gelen sorundan kaynakland\u0131\u011f\u0131na dikkat \u00e7ekilen a\u00e7\u0131klamada, ilgili kurum olan Mu\u011fla Su ve Kanalizasyon \u0130daresi\u2019ne (MUSK\u0130) hem yaz\u0131l\u0131 hem s\u00f6zl\u00fc olarak gerekli bildirimlerin yap\u0131ld\u0131\u011f\u0131 kaydedildi. S\u00f6z konusu i\u015fletmenin ya\u015fanan durumdan duydu\u011fu \u00fcz\u00fcnt\u00fcy\u00fc dile getirdi\u011fi ve \u00e7\u00f6z\u00fcm s\u00fcrecini ge\u00e7 saatlere kadar titizlikle takip etti\u011fi belirtilirken, BODER olarak s\u00fcrecin takip\u00e7isi olundu\u011fu ve benzer altyap\u0131 sorunlar\u0131n\u0131n h\u0131zl\u0131 ve kal\u0131c\u0131 bir \u015fekilde \u00e7\u00f6z\u00fclmesi i\u00e7in yetkililerle ileti\u015fim halinde kal\u0131nd\u0131\u011f\u0131 vurguland\u0131.<br \/>\n<br \/>A\u00e7\u0131klaman\u0131n devam\u0131nda, &#8220;Bodrum turizmi hepimizin ortak de\u011feri. \u00c7evreye sayg\u0131l\u0131, s\u00fcrd\u00fcr\u00fclebilir bir turizm anlay\u0131\u015f\u0131n\u0131n devam\u0131 i\u00e7in t\u00fcm \u00fcyelerimizle birlikte hassasiyetle \u00e7al\u0131\u015f\u0131yoruz&#8221; denilerek, sosyal medyada yap\u0131lan payla\u015f\u0131mlarda eksik ya da yanl\u0131\u015f bilgilerin yay\u0131lmas\u0131n\u0131n Bodrum\u2019un imaj\u0131na zarar verebilece\u011fine i\u015faret edildi.<br \/><\/p>\n","protected":false},"excerpt":{"rendered":"<p>Bodrum\u2019un G\u00fcmbet Koyu\u2019nda ya\u015fanan \u00e7evresel sorunlara ili\u015fkin sosyal medyada yer alan payla\u015f\u0131mlar sonras\u0131 Bodrum Otelciler Derne\u011fi (BODER) yaz\u0131l\u0131 bir a\u00e7\u0131klama yay\u0131mlad\u0131. Dernek, kamuoyunun do\u011fru bilgilendirilmesi ad\u0131na a\u00e7\u0131klama yapma gere\u011fi duyuldu\u011funu belirtti. BODER taraf\u0131ndan yap\u0131lan a\u00e7\u0131klamada, G\u00fcmbet Koyu\u2019nda faaliyet g\u00f6steren otellerin \u00e7evresinde meydana gelen r\u00f6gar t\u0131kan\u0131kl\u0131\u011f\u0131 ve teknik ar\u0131zan\u0131n baz\u0131 sosyal medya payla\u015f\u0131mlar\u0131nda do\u011frudan otellere atfedildi\u011fi&#8230;<\/p>\n","protected":false},"author":1,"featured_media":46388,"comment_status":"open","ping_status":"open","sticky":false,"template":"","format":"standard","meta":{"_crdt_document":"","footnotes":""},"categories":[1],"tags":[],"class_list":["post-46387","post","type-post","status-publish","format-standard","has-post-thumbnail","hentry","category-guncel"],"_links":{"self":[{"href":"https:\/\/www.egemtv.com\/index.php?rest_route=\/wp\/v2\/posts\/46387","targetHints":{"allow":["GET"]}}],"collection":[{"href":"https:\/\/www.egemtv.com\/index.php?rest_route=\/wp\/v2\/posts"}],"about":[{"href":"https:\/\/www.egemtv.com\/index.php?rest_route=\/wp\/v2\/types\/post"}],"author":[{"embeddable":true,"href":"https:\/\/www.egemtv.com\/index.php?rest_route=\/wp\/v2\/users\/1"}],"replies":[{"embeddable":true,"href":"https:\/\/www.egemtv.com\/index.php?rest_route=%2Fwp%2Fv2%2Fcomments&post=46387"}],"version-history":[{"count":1,"href":"https:\/\/www.egemtv.com\/index.php?rest_route=\/wp\/v2\/posts\/46387\/revisions"}],"predecessor-version":[{"id":46389,"href":"https:\/\/www.egemtv.com\/index.php?rest_route=\/wp\/v2\/posts\/46387\/revisions\/46389"}],"wp:featuredmedia":[{"embeddable":true,"href":"https:\/\/www.egemtv.com\/index.php?rest_route=\/wp\/v2\/media\/46388"}],"wp:attachment":[{"href":"https:\/\/www.egemtv.com\/index.php?rest_route=%2Fwp%2Fv2%2Fmedia&parent=46387"}],"wp:term":[{"taxonomy":"category","embeddable":true,"href":"https:\/\/www.egemtv.com\/index.php?rest_route=%2Fwp%2Fv2%2Fcategories&post=46387"},{"taxonomy":"post_tag","embeddable":true,"href":"https:\/\/www.egemtv.com\/index.php?rest_route=%2Fwp%2Fv2%2Ftags&post=46387"}],"curies":[{"name":"wp","href":"https:\/\/api.w.org\/{rel}","templated":true}]}}