{"id":46384,"date":"2025-08-02T16:14:35","date_gmt":"2025-08-02T13:14:35","guid":{"rendered":"https:\/\/www.egemtv.com\/?p=46384"},"modified":"2025-08-02T16:14:36","modified_gmt":"2025-08-02T13:14:36","slug":"turgutluda-yanan-ciftlik-evinden-ceset-cikti-3-gozalti","status":"publish","type":"post","link":"https:\/\/www.egemtv.com\/?p=46384","title":{"rendered":"Turgutlu\u2019da yanan \u00e7iftlik evinden ceset \u00e7\u0131kt\u0131: 3 g\u00f6zalt\u0131"},"content":{"rendered":"<p>MAN\u0130SA (\u0130HA) \u2013 Manisa\u2019n\u0131n Turgutlu il\u00e7esinde \u00e7iftlik evinde \u00e7\u0131kan yang\u0131nda bir ki\u015finin cans\u0131z bedeni bulundu. Olayla ilgili 3 ki\u015fi g\u00f6zalt\u0131na al\u0131nd\u0131.<br \/>\n<br \/>Yang\u0131n, gece saat 03.15 s\u0131ralar\u0131nda \u0130stasyonalt\u0131 Mahallesi K\u0131smal\u0131 mevkiinde bulunan bir \u00e7iftlik evinde meydana geldi. Yang\u0131n ihbar\u0131 \u00fczerine b\u00f6lgeye itfaiye, jandarma ve sa\u011fl\u0131k ekipleri sevk edildi. Ekiplerin m\u00fcdahalesiyle alevler s\u00f6nd\u00fcr\u00fcl\u00fcrken, evin i\u00e7erisinde bir erkek cesedi bulundu. Yap\u0131lan incelemede hayat\u0131n\u0131 kaybeden ki\u015finin 40 ya\u015f\u0131ndaki Cem Karaca oldu\u011fu belirlendi. Cenaze, kesin \u00f6l\u00fcm sebebinin tespiti i\u00e7in \u0130zmir Adli T\u0131p Kurumu\u2019na g\u00f6nderildi.<br \/>\n<br \/>Jandarma ekipleri olayla ilgili; E.B (33), O.D. (39) G.K.\u00c7. (23) isimli 3 \u015f\u00fcpheliyi g\u00f6zalt\u0131na ald\u0131. Olayla ilgili geni\u015f \u00e7apl\u0131 soru\u015fturman\u0131n s\u00fcrd\u00fc\u011f\u00fc bildirildi.<br \/><\/p>\n","protected":false},"excerpt":{"rendered":"<p>MAN\u0130SA (\u0130HA) \u2013 Manisa\u2019n\u0131n Turgutlu il\u00e7esinde \u00e7iftlik evinde \u00e7\u0131kan yang\u0131nda bir ki\u015finin cans\u0131z bedeni bulundu. Olayla ilgili 3 ki\u015fi g\u00f6zalt\u0131na al\u0131nd\u0131. Yang\u0131n, gece saat 03.15 s\u0131ralar\u0131nda \u0130stasyonalt\u0131 Mahallesi K\u0131smal\u0131 mevkiinde bulunan bir \u00e7iftlik evinde meydana geldi. Yang\u0131n ihbar\u0131 \u00fczerine b\u00f6lgeye itfaiye, jandarma ve sa\u011fl\u0131k ekipleri sevk edildi. Ekiplerin m\u00fcdahalesiyle alevler s\u00f6nd\u00fcr\u00fcl\u00fcrken, evin i\u00e7erisinde bir erkek&#8230;<\/p>\n","protected":false},"author":1,"featured_media":46385,"comment_status":"open","ping_status":"open","sticky":false,"template":"","format":"standard","meta":{"_crdt_document":"","footnotes":""},"categories":[5],"tags":[],"class_list":["post-46384","post","type-post","status-publish","format-standard","has-post-thumbnail","hentry","category-asayis"],"_links":{"self":[{"href":"https:\/\/www.egemtv.com\/index.php?rest_route=\/wp\/v2\/posts\/46384","targetHints":{"allow":["GET"]}}],"collection":[{"href":"https:\/\/www.egemtv.com\/index.php?rest_route=\/wp\/v2\/posts"}],"about":[{"href":"https:\/\/www.egemtv.com\/index.php?rest_route=\/wp\/v2\/types\/post"}],"author":[{"embeddable":true,"href":"https:\/\/www.egemtv.com\/index.php?rest_route=\/wp\/v2\/users\/1"}],"replies":[{"embeddable":true,"href":"https:\/\/www.egemtv.com\/index.php?rest_route=%2Fwp%2Fv2%2Fcomments&post=46384"}],"version-history":[{"count":1,"href":"https:\/\/www.egemtv.com\/index.php?rest_route=\/wp\/v2\/posts\/46384\/revisions"}],"predecessor-version":[{"id":46386,"href":"https:\/\/www.egemtv.com\/index.php?rest_route=\/wp\/v2\/posts\/46384\/revisions\/46386"}],"wp:featuredmedia":[{"embeddable":true,"href":"https:\/\/www.egemtv.com\/index.php?rest_route=\/wp\/v2\/media\/46385"}],"wp:attachment":[{"href":"https:\/\/www.egemtv.com\/index.php?rest_route=%2Fwp%2Fv2%2Fmedia&parent=46384"}],"wp:term":[{"taxonomy":"category","embeddable":true,"href":"https:\/\/www.egemtv.com\/index.php?rest_route=%2Fwp%2Fv2%2Fcategories&post=46384"},{"taxonomy":"post_tag","embeddable":true,"href":"https:\/\/www.egemtv.com\/index.php?rest_route=%2Fwp%2Fv2%2Ftags&post=46384"}],"curies":[{"name":"wp","href":"https:\/\/api.w.org\/{rel}","templated":true}]}}