{"id":46381,"date":"2025-08-02T15:36:04","date_gmt":"2025-08-02T12:36:04","guid":{"rendered":"https:\/\/www.egemtv.com\/?p=46381"},"modified":"2025-08-02T15:36:05","modified_gmt":"2025-08-02T12:36:05","slug":"albay-semizden-vali-aktasa-veda-ziyareti","status":"publish","type":"post","link":"https:\/\/www.egemtv.com\/?p=46381","title":{"rendered":"Albay Semiz\u2019den Vali Akta\u015f\u2019a veda ziyareti"},"content":{"rendered":"<p>Cumhurba\u015fkanl\u0131\u011f\u0131 Kararnamesi ile Ad\u0131yaman \u0130l Jandarma Komutanl\u0131\u011f\u0131na atanan U\u015fak \u0130l Jandarma Komutan\u0131 Jandarma K\u0131demli Albay Fahri Semiz, Vali Naci Akta\u015f\u2019a veda ziyaretinde bulundu.<br \/>\n<br \/>Cumhurba\u015fkanl\u0131\u011f\u0131 Kararnamesi ile Ad\u0131yaman \u0130l Jandarma Komutanl\u0131\u011f\u0131na atanan U\u015fak \u0130l Jandarma Komutan\u0131 Jandarma K\u0131demli Albay Fahri Semiz, Vali Naci Akta\u015f\u2019\u0131 makam\u0131nda ziyaret etti.<br \/>\n<br \/>Ziyarette Vali Akta\u015f, Albay Fahri Semiz\u2019e g\u00f6rev s\u00fcresi boyunca U\u015fak\u2019ta y\u00fcr\u00fctt\u00fc\u011f\u00fc hizmetler dolay\u0131s\u0131yla te\u015fekk\u00fcr etti.<br \/>\n<br \/>Vali Akta\u015f, &#8220;Albay\u0131m\u0131z, vatanda\u015f\u0131m\u0131z\u0131n can ve mal g\u00fcvenli\u011fini sa\u011flamak ad\u0131na b\u00fcy\u00fck bir fedak\u00e2rl\u0131k ve \u00f6zveriyle 24 saat esas\u0131na dayal\u0131 hizmet vermi\u015ftir. Kendisine ilimizdeki ba\u015far\u0131l\u0131 \u00e7al\u0131\u015fmalar\u0131ndan dolay\u0131 te\u015fekk\u00fcr ediyor, yeni g\u00f6rev yerinde \u00fcst\u00fcn ba\u015far\u0131lar diliyorum.&#8221; ifadelerini kulland\u0131.<br \/>\n<br \/>Ziyarette duygular\u0131n\u0131 dile getiren Albay Fahri Semiz ise, g\u00f6rev s\u00fcresi boyunca Valilik koordinesinde \u00e7al\u0131\u015fmaktan onur duydu\u011funu belirterek, kabul\u00fc ve iyi dilekleri dolay\u0131s\u0131yla Vali Akta\u015f\u2019a te\u015fekk\u00fcr etti.<br \/><\/p>\n","protected":false},"excerpt":{"rendered":"<p>Cumhurba\u015fkanl\u0131\u011f\u0131 Kararnamesi ile Ad\u0131yaman \u0130l Jandarma Komutanl\u0131\u011f\u0131na atanan U\u015fak \u0130l Jandarma Komutan\u0131 Jandarma K\u0131demli Albay Fahri Semiz, Vali Naci Akta\u015f\u2019a veda ziyaretinde bulundu. Cumhurba\u015fkanl\u0131\u011f\u0131 Kararnamesi ile Ad\u0131yaman \u0130l Jandarma Komutanl\u0131\u011f\u0131na atanan U\u015fak \u0130l Jandarma Komutan\u0131 Jandarma K\u0131demli Albay Fahri Semiz, Vali Naci Akta\u015f\u2019\u0131 makam\u0131nda ziyaret etti. Ziyarette Vali Akta\u015f, Albay Fahri Semiz\u2019e g\u00f6rev s\u00fcresi boyunca&#8230;<\/p>\n","protected":false},"author":1,"featured_media":46382,"comment_status":"open","ping_status":"open","sticky":false,"template":"","format":"standard","meta":{"_crdt_document":"","footnotes":""},"categories":[5],"tags":[],"class_list":["post-46381","post","type-post","status-publish","format-standard","has-post-thumbnail","hentry","category-asayis"],"_links":{"self":[{"href":"https:\/\/www.egemtv.com\/index.php?rest_route=\/wp\/v2\/posts\/46381","targetHints":{"allow":["GET"]}}],"collection":[{"href":"https:\/\/www.egemtv.com\/index.php?rest_route=\/wp\/v2\/posts"}],"about":[{"href":"https:\/\/www.egemtv.com\/index.php?rest_route=\/wp\/v2\/types\/post"}],"author":[{"embeddable":true,"href":"https:\/\/www.egemtv.com\/index.php?rest_route=\/wp\/v2\/users\/1"}],"replies":[{"embeddable":true,"href":"https:\/\/www.egemtv.com\/index.php?rest_route=%2Fwp%2Fv2%2Fcomments&post=46381"}],"version-history":[{"count":1,"href":"https:\/\/www.egemtv.com\/index.php?rest_route=\/wp\/v2\/posts\/46381\/revisions"}],"predecessor-version":[{"id":46383,"href":"https:\/\/www.egemtv.com\/index.php?rest_route=\/wp\/v2\/posts\/46381\/revisions\/46383"}],"wp:featuredmedia":[{"embeddable":true,"href":"https:\/\/www.egemtv.com\/index.php?rest_route=\/wp\/v2\/media\/46382"}],"wp:attachment":[{"href":"https:\/\/www.egemtv.com\/index.php?rest_route=%2Fwp%2Fv2%2Fmedia&parent=46381"}],"wp:term":[{"taxonomy":"category","embeddable":true,"href":"https:\/\/www.egemtv.com\/index.php?rest_route=%2Fwp%2Fv2%2Fcategories&post=46381"},{"taxonomy":"post_tag","embeddable":true,"href":"https:\/\/www.egemtv.com\/index.php?rest_route=%2Fwp%2Fv2%2Ftags&post=46381"}],"curies":[{"name":"wp","href":"https:\/\/api.w.org\/{rel}","templated":true}]}}