{"id":46378,"date":"2025-08-02T15:36:03","date_gmt":"2025-08-02T12:36:03","guid":{"rendered":"https:\/\/www.egemtv.com\/?p=46378"},"modified":"2025-08-02T15:36:04","modified_gmt":"2025-08-02T12:36:04","slug":"vali-aktas-esnaflarla-bir-araya-geldi","status":"publish","type":"post","link":"https:\/\/www.egemtv.com\/?p=46378","title":{"rendered":"Vali Akta\u015f esnaflarla bir araya geldi"},"content":{"rendered":"<p>U\u015fak Valisi Naci Akta\u015f, \u00d6zdemir Mahallesi Mimar Sinan Caddesi\u2019nde faaliyet g\u00f6steren esnaf ve vatanda\u015flarla bir araya geldi.<br \/>\n<br \/>U\u015fak Valisi Naci Akta\u015f, \u00d6zdemir Mahallesi Mimar Sinan Caddesi\u2019nde faaliyet g\u00f6steren esnaf\u0131 ziyaret etti.<br \/>\n<br \/>Ziyareti s\u0131ras\u0131nda \u00e7ar\u015f\u0131 esnaf\u0131na hay\u0131rl\u0131 i\u015fler ve bol kazan\u00e7lar dileyen Vali Akta\u015f, al\u0131\u015fveri\u015f yapan vatanda\u015flarla da sohbet ederek taleplerini dinledi.<br \/>\n<br \/>Program kapsam\u0131nda Cumhuriyet Meydan\u0131\u2019nda hizmet veren bir \u00e7ay oca\u011f\u0131nda vatanda\u015flarla bir araya gelen Vali Akta\u015f, samimi bir ortamda hasbihal etti.<br \/>\n<br \/>Ziyaretin ard\u0131ndan de\u011ferlendirmede bulunan Vali Akta\u015f, &#8220;Hem il merkezinde hem de il\u00e7elerde s\u0131k s\u0131k esnaf\u0131m\u0131zla ve vatanda\u015flar\u0131m\u0131zla bir araya geliyoruz. Halk\u0131m\u0131zla do\u011frudan temas kurmak, sorunlar\u0131n\u0131 yerinde dinlemek ve birlikte \u00e7\u00f6z\u00fcm yollar\u0131 aramak bizim i\u00e7in \u00e7ok \u00f6nemli. Esnaf\u0131m\u0131z\u0131n ve vatanda\u015flar\u0131m\u0131z\u0131n yan\u0131nda olmaya devam edece\u011fiz.&#8221; ifadelerini kulland\u0131.<br \/><\/p>\n","protected":false},"excerpt":{"rendered":"<p>U\u015fak Valisi Naci Akta\u015f, \u00d6zdemir Mahallesi Mimar Sinan Caddesi\u2019nde faaliyet g\u00f6steren esnaf ve vatanda\u015flarla bir araya geldi. U\u015fak Valisi Naci Akta\u015f, \u00d6zdemir Mahallesi Mimar Sinan Caddesi\u2019nde faaliyet g\u00f6steren esnaf\u0131 ziyaret etti. Ziyareti s\u0131ras\u0131nda \u00e7ar\u015f\u0131 esnaf\u0131na hay\u0131rl\u0131 i\u015fler ve bol kazan\u00e7lar dileyen Vali Akta\u015f, al\u0131\u015fveri\u015f yapan vatanda\u015flarla da sohbet ederek taleplerini dinledi. Program kapsam\u0131nda Cumhuriyet Meydan\u0131\u2019nda&#8230;<\/p>\n","protected":false},"author":1,"featured_media":46379,"comment_status":"open","ping_status":"open","sticky":false,"template":"","format":"standard","meta":{"_crdt_document":"","footnotes":""},"categories":[123],"tags":[],"class_list":["post-46378","post","type-post","status-publish","format-standard","has-post-thumbnail","hentry","category-gundem"],"_links":{"self":[{"href":"https:\/\/www.egemtv.com\/index.php?rest_route=\/wp\/v2\/posts\/46378","targetHints":{"allow":["GET"]}}],"collection":[{"href":"https:\/\/www.egemtv.com\/index.php?rest_route=\/wp\/v2\/posts"}],"about":[{"href":"https:\/\/www.egemtv.com\/index.php?rest_route=\/wp\/v2\/types\/post"}],"author":[{"embeddable":true,"href":"https:\/\/www.egemtv.com\/index.php?rest_route=\/wp\/v2\/users\/1"}],"replies":[{"embeddable":true,"href":"https:\/\/www.egemtv.com\/index.php?rest_route=%2Fwp%2Fv2%2Fcomments&post=46378"}],"version-history":[{"count":1,"href":"https:\/\/www.egemtv.com\/index.php?rest_route=\/wp\/v2\/posts\/46378\/revisions"}],"predecessor-version":[{"id":46380,"href":"https:\/\/www.egemtv.com\/index.php?rest_route=\/wp\/v2\/posts\/46378\/revisions\/46380"}],"wp:featuredmedia":[{"embeddable":true,"href":"https:\/\/www.egemtv.com\/index.php?rest_route=\/wp\/v2\/media\/46379"}],"wp:attachment":[{"href":"https:\/\/www.egemtv.com\/index.php?rest_route=%2Fwp%2Fv2%2Fmedia&parent=46378"}],"wp:term":[{"taxonomy":"category","embeddable":true,"href":"https:\/\/www.egemtv.com\/index.php?rest_route=%2Fwp%2Fv2%2Fcategories&post=46378"},{"taxonomy":"post_tag","embeddable":true,"href":"https:\/\/www.egemtv.com\/index.php?rest_route=%2Fwp%2Fv2%2Ftags&post=46378"}],"curies":[{"name":"wp","href":"https:\/\/api.w.org\/{rel}","templated":true}]}}