{"id":46375,"date":"2025-08-02T15:36:02","date_gmt":"2025-08-02T12:36:02","guid":{"rendered":"https:\/\/www.egemtv.com\/?p=46375"},"modified":"2025-08-02T15:36:03","modified_gmt":"2025-08-02T12:36:03","slug":"koskte-araclar-denetlendi-kurallara-uymayan-suruculer-cezadan-kacamadi","status":"publish","type":"post","link":"https:\/\/www.egemtv.com\/?p=46375","title":{"rendered":"K\u00f6\u015fk\u2019te ara\u00e7lar denetlendi, kurallara uymayan s\u00fcr\u00fcc\u00fcler cezadan ka\u00e7amad\u0131"},"content":{"rendered":"<p>Ayd\u0131n\u2019\u0131n K\u00f6\u015fk il\u00e7esinde emniyet ekiplerince yap\u0131lan trafik denetimlerinde kuralla tan\u0131maz s\u00fcr\u00fcc\u00fcler affedilmedi.<br \/>\n<br \/>K\u00f6\u015fk \u0130l\u00e7e Emniyet Amirli\u011fi Trafik ekiplerince d\u00fcn ak\u015fam saatlerinde motosiklet ve otomobil s\u00fcr\u00fcc\u00fclerine y\u00f6nelik denetim yap\u0131ld\u0131. K\u00f6\u015fk il\u00e7e merkezinde ger\u00e7ekle\u015fen denetime K\u00f6\u015fk \u0130l\u00e7e Emniyet Amiri Ba\u015fkomiser \u0130sa Y\u0131lmaz, Trafik Denetleme \u015eube M\u00fcd\u00fcrl\u00fc\u011f\u00fc ve \u0130l\u00e7e Emniyet M\u00fcd\u00fcrl\u00fc\u011f\u00fc ekipleri kat\u0131ld\u0131. Denetimde baz\u0131 s\u00fcr\u00fcc\u00fclere, \u2019Yetersiz s\u00fcr\u00fcc\u00fc belgesiyle ara\u00e7 kullanmak\u2019, \u2019Plaka takmamak\u2019, \u2019Yolcu say\u0131s\u0131na uyulmamas\u0131\u2019, \u2019Kask ve koruyucu ekipman takmamak\u2019 maddelerinden i\u015flem yap\u0131ld\u0131. K\u00f6\u015fk \u0130l\u00e7e Emniyet Amirli\u011fi Trafik ekiplerince motosiklet s\u00fcr\u00fcc\u00fcleri, trafik kurallar\u0131na uyulmas\u0131, kask, dizlik, reflekt\u00f6rl\u00fc yelek gibi koruyucu ekipmanlar\u0131n kullan\u0131m\u0131 ve abart\u0131l\u0131 egzoz konular\u0131nda bilgilendirildi ve dikkat edilmesi gereklili\u011fi hat\u0131rlat\u0131ld\u0131. K\u00f6\u015fk \u0130l\u00e7e Emniyet Amirli\u011fi Polis ekiplerinin kent genelindeki denetimlere devam edece\u011fi \u00f6\u011frenildi.<br \/><\/p>\n","protected":false},"excerpt":{"rendered":"<p>Ayd\u0131n\u2019\u0131n K\u00f6\u015fk il\u00e7esinde emniyet ekiplerince yap\u0131lan trafik denetimlerinde kuralla tan\u0131maz s\u00fcr\u00fcc\u00fcler affedilmedi. K\u00f6\u015fk \u0130l\u00e7e Emniyet Amirli\u011fi Trafik ekiplerince d\u00fcn ak\u015fam saatlerinde motosiklet ve otomobil s\u00fcr\u00fcc\u00fclerine y\u00f6nelik denetim yap\u0131ld\u0131. K\u00f6\u015fk il\u00e7e merkezinde ger\u00e7ekle\u015fen denetime K\u00f6\u015fk \u0130l\u00e7e Emniyet Amiri Ba\u015fkomiser \u0130sa Y\u0131lmaz, Trafik Denetleme \u015eube M\u00fcd\u00fcrl\u00fc\u011f\u00fc ve \u0130l\u00e7e Emniyet M\u00fcd\u00fcrl\u00fc\u011f\u00fc ekipleri kat\u0131ld\u0131. Denetimde baz\u0131 s\u00fcr\u00fcc\u00fclere, \u2019Yetersiz s\u00fcr\u00fcc\u00fc&#8230;<\/p>\n","protected":false},"author":1,"featured_media":46376,"comment_status":"open","ping_status":"open","sticky":false,"template":"","format":"standard","meta":{"_crdt_document":"","footnotes":""},"categories":[1],"tags":[],"class_list":["post-46375","post","type-post","status-publish","format-standard","has-post-thumbnail","hentry","category-guncel"],"_links":{"self":[{"href":"https:\/\/www.egemtv.com\/index.php?rest_route=\/wp\/v2\/posts\/46375","targetHints":{"allow":["GET"]}}],"collection":[{"href":"https:\/\/www.egemtv.com\/index.php?rest_route=\/wp\/v2\/posts"}],"about":[{"href":"https:\/\/www.egemtv.com\/index.php?rest_route=\/wp\/v2\/types\/post"}],"author":[{"embeddable":true,"href":"https:\/\/www.egemtv.com\/index.php?rest_route=\/wp\/v2\/users\/1"}],"replies":[{"embeddable":true,"href":"https:\/\/www.egemtv.com\/index.php?rest_route=%2Fwp%2Fv2%2Fcomments&post=46375"}],"version-history":[{"count":1,"href":"https:\/\/www.egemtv.com\/index.php?rest_route=\/wp\/v2\/posts\/46375\/revisions"}],"predecessor-version":[{"id":46377,"href":"https:\/\/www.egemtv.com\/index.php?rest_route=\/wp\/v2\/posts\/46375\/revisions\/46377"}],"wp:featuredmedia":[{"embeddable":true,"href":"https:\/\/www.egemtv.com\/index.php?rest_route=\/wp\/v2\/media\/46376"}],"wp:attachment":[{"href":"https:\/\/www.egemtv.com\/index.php?rest_route=%2Fwp%2Fv2%2Fmedia&parent=46375"}],"wp:term":[{"taxonomy":"category","embeddable":true,"href":"https:\/\/www.egemtv.com\/index.php?rest_route=%2Fwp%2Fv2%2Fcategories&post=46375"},{"taxonomy":"post_tag","embeddable":true,"href":"https:\/\/www.egemtv.com\/index.php?rest_route=%2Fwp%2Fv2%2Ftags&post=46375"}],"curies":[{"name":"wp","href":"https:\/\/api.w.org\/{rel}","templated":true}]}}