{"id":46372,"date":"2025-08-02T15:36:01","date_gmt":"2025-08-02T12:36:01","guid":{"rendered":"https:\/\/www.egemtv.com\/?p=46372"},"modified":"2025-08-02T15:36:02","modified_gmt":"2025-08-02T12:36:02","slug":"yasli-ciftten-alkislanacak-bagis","status":"publish","type":"post","link":"https:\/\/www.egemtv.com\/?p=46372","title":{"rendered":"Ya\u015fl\u0131 \u00e7iftten alk\u0131\u015flanacak ba\u011f\u0131\u015f"},"content":{"rendered":"<p>Afyonkarahisar\u2019da ve 5 \u00e7ocuklar\u0131 da do\u011fumdan k\u0131sa s\u00fcre sonra \u00f6len Muammer-Sat\u0131 G\u00fcne\u015f \u00e7ifti 1 d\u00f6n\u00fcm arazi ile i\u00e7inde bulunan tek katl\u0131 evlerini Jandarma Asayi\u015f Vakf\u0131\u2019na ba\u011f\u0131\u015flad\u0131.<br \/>\n<br \/>Bolvadin il\u00e7esine ba\u011fl\u0131 \u00d6zburun beldesinde ya\u015fayan Muammer G\u00fcne\u015f (82) ve Sat\u0131 G\u00fcne\u015f (76) \u00e7ift\u00e7i yakla\u015f\u0131k 50 y\u0131l \u00f6nce kendi yapt\u0131rd\u0131klar\u0131 evi ve evin bulundu\u011fu araziyi jandarmaya ba\u011f\u0131\u015flama karar\u0131 ald\u0131. G\u00fcne\u015f \u00e7ift\u00e7inin bug\u00fcne kadar 5 \u00e7ocuklar\u0131 oldu\u011fu ancak \u00e7ocuklar\u0131n\u0131n do\u011fumdan birka\u00e7 ay sonra hayatlar\u0131n\u0131 kaybettikleri kaydedildi. Miraslar\u0131 olan evi b\u0131rakacaklar\u0131 kimse olmayan G\u00fcne\u015f \u00e7ift\u00e7i ge\u00e7ti\u011fimiz g\u00fcnlerde tek varl\u0131klar\u0131 olan tek katl\u0131 ev ile 1 d\u00f6n\u00fcml\u00fck araziyi Jandarma Asayi\u015f Vakf\u0131\u2019na ba\u011f\u0131\u015flad\u0131. Ya\u015famlar\u0131 boyunca 1 kez hacca, 5 kez de umreye giden G\u00fcne\u015f \u00e7iftine Jandarma Asayi\u015f Vakf\u0131 Genel M\u00fcd\u00fcr Yard\u0131mc\u0131s\u0131 Atilla \u00d6nal taraf\u0131ndan \u0130l\u00e7e Jandarma Komutanl\u0131\u011f\u0131\u2019nda te\u015fekk\u00fcr belgesi ve \u015filt takdim edildi.<\/p>\n<p>&#8220;Evimizi r\u0131zam\u0131zla verdik&#8221;<br \/>\n<br \/>Evlerini 1978 y\u0131l\u0131nda yapt\u0131klar\u0131n\u0131 dile getiren Muammer G\u00fcne\u015f, &#8220;Evimi bah\u00e7esiyle birlikte ba\u011f\u0131\u015fl\u0131yorum Jandarma Vakf\u0131\u2019na, askeriyeye. Evimi de askeriyeye ba\u011f\u0131\u015flad\u0131m, helali ho\u015f olsun. Kendimiz d\u00fc\u015f\u00fcnerek, kalbimizden gelerek, g\u00f6nl\u00fcm\u00fczce verdik&#8221; dedi.<br \/>\n<br \/>Sat\u0131 G\u00fcne\u015f ise yapt\u0131klar\u0131 ba\u011f\u0131\u015f sonras\u0131 \u00e7ok duyguland\u0131\u011f\u0131n\u0131 ve mutluluktan a\u011flad\u0131\u011f\u0131n\u0131 kaydederek, &#8220;Kendimiz d\u00fc\u015f\u00fcnd\u00fck, evimizi r\u0131zam\u0131zla verdik. Kendi \u00e7abam\u0131zla \u00e7al\u0131\u015ft\u0131k, bir yast\u0131\u011fa ba\u015f koyduk, d\u00fc\u015f\u00fcnd\u00fck ta\u015f\u0131nd\u0131k devlete, askeriyeye helali ho\u015f olsun, vatana helali ho\u015f olsun. Kimsenin bir k\u00fcre\u011fi yok, topra\u011f\u0131 yok, \u00e7imentosu yok. \u0130ster \u015fehit ailesi girsin, ister askeriye girsin. Askeriyeye nasip oldu&#8221; diye konu\u015ftu.<br \/><\/p>\n","protected":false},"excerpt":{"rendered":"<p>Afyonkarahisar\u2019da ve 5 \u00e7ocuklar\u0131 da do\u011fumdan k\u0131sa s\u00fcre sonra \u00f6len Muammer-Sat\u0131 G\u00fcne\u015f \u00e7ifti 1 d\u00f6n\u00fcm arazi ile i\u00e7inde bulunan tek katl\u0131 evlerini Jandarma Asayi\u015f Vakf\u0131\u2019na ba\u011f\u0131\u015flad\u0131. Bolvadin il\u00e7esine ba\u011fl\u0131 \u00d6zburun beldesinde ya\u015fayan Muammer G\u00fcne\u015f (82) ve Sat\u0131 G\u00fcne\u015f (76) \u00e7ift\u00e7i yakla\u015f\u0131k 50 y\u0131l \u00f6nce kendi yapt\u0131rd\u0131klar\u0131 evi ve evin bulundu\u011fu araziyi jandarmaya ba\u011f\u0131\u015flama karar\u0131 ald\u0131&#8230;.<\/p>\n","protected":false},"author":1,"featured_media":46373,"comment_status":"open","ping_status":"open","sticky":false,"template":"","format":"standard","meta":{"_crdt_document":"","footnotes":""},"categories":[123],"tags":[],"class_list":["post-46372","post","type-post","status-publish","format-standard","has-post-thumbnail","hentry","category-gundem"],"_links":{"self":[{"href":"https:\/\/www.egemtv.com\/index.php?rest_route=\/wp\/v2\/posts\/46372","targetHints":{"allow":["GET"]}}],"collection":[{"href":"https:\/\/www.egemtv.com\/index.php?rest_route=\/wp\/v2\/posts"}],"about":[{"href":"https:\/\/www.egemtv.com\/index.php?rest_route=\/wp\/v2\/types\/post"}],"author":[{"embeddable":true,"href":"https:\/\/www.egemtv.com\/index.php?rest_route=\/wp\/v2\/users\/1"}],"replies":[{"embeddable":true,"href":"https:\/\/www.egemtv.com\/index.php?rest_route=%2Fwp%2Fv2%2Fcomments&post=46372"}],"version-history":[{"count":1,"href":"https:\/\/www.egemtv.com\/index.php?rest_route=\/wp\/v2\/posts\/46372\/revisions"}],"predecessor-version":[{"id":46374,"href":"https:\/\/www.egemtv.com\/index.php?rest_route=\/wp\/v2\/posts\/46372\/revisions\/46374"}],"wp:featuredmedia":[{"embeddable":true,"href":"https:\/\/www.egemtv.com\/index.php?rest_route=\/wp\/v2\/media\/46373"}],"wp:attachment":[{"href":"https:\/\/www.egemtv.com\/index.php?rest_route=%2Fwp%2Fv2%2Fmedia&parent=46372"}],"wp:term":[{"taxonomy":"category","embeddable":true,"href":"https:\/\/www.egemtv.com\/index.php?rest_route=%2Fwp%2Fv2%2Fcategories&post=46372"},{"taxonomy":"post_tag","embeddable":true,"href":"https:\/\/www.egemtv.com\/index.php?rest_route=%2Fwp%2Fv2%2Ftags&post=46372"}],"curies":[{"name":"wp","href":"https:\/\/api.w.org\/{rel}","templated":true}]}}