{"id":46369,"date":"2025-08-02T14:54:54","date_gmt":"2025-08-02T11:54:54","guid":{"rendered":"https:\/\/www.egemtv.com\/?p=46369"},"modified":"2025-08-02T14:54:55","modified_gmt":"2025-08-02T11:54:55","slug":"medical-pointten-bir-ilk-tat-ve-koku-laboratuvari-acildi","status":"publish","type":"post","link":"https:\/\/www.egemtv.com\/?p=46369","title":{"rendered":"Medical Point\u2019ten bir ilk: Tat ve koku laboratuvar\u0131 a\u00e7\u0131ld\u0131"},"content":{"rendered":"<p>\u0130zmir Ekonomi \u00dcniversitesi Medical Point Hastanesi\u2019nde hizmete giren tat ve koku laboratuvar\u0131, koku kayb\u0131n\u0131 yap\u0131lacak testlerle saptayarak erken tan\u0131 ve rehabilitasyon s\u00fcrecinde \u00f6nemli bir rol \u00fcstlenecek.<br \/>\n<br \/>\u0130zmir Ekonomi \u00dcniversitesi (\u0130E\u00dc) Medical Point Hastanesi, sa\u011fl\u0131kta \u00f6nc\u00fc ad\u0131mlar\u0131na bir yenisini daha ekledi. Tat ve koku duyular\u0131na y\u00f6nelik tan\u0131 ve tedavi s\u00fcre\u00e7lerinde \u00f6nemli bir rol oynayacak olan Tat ve Koku Laboratuvar\u0131 hizmete girdi. Kulak Burun Bo\u011faz Hastal\u0131klar\u0131 B\u00f6l\u00fcm\u00fc b\u00fcnyesinde a\u00e7\u0131lan bu \u00f6zel laboratuvar, ba\u015fta koku kayb\u0131 olmak \u00fczere pek \u00e7ok n\u00f6rolojik hastal\u0131\u011f\u0131n erken tan\u0131s\u0131nda kritik bir g\u00f6rev \u00fcstlenecek.<\/p>\n<p>&#8220;Kaybedince fark\u0131na var\u0131yoruz&#8221;<br \/>\n<br \/>Prof. Dr. Erdem Eren, kokunun hayat\u0131m\u0131zdaki yerinin \u00e7o\u011fu zaman fark edilmeyen ancak \u00e7ok g\u00fc\u00e7l\u00fc bir etkisi oldu\u011funu vurgulad\u0131. Prof. Dr. Eren, &#8220;Koku, g\u00fcnl\u00fck ya\u015fam\u0131m\u0131zda duygular\u0131m\u0131zdan ald\u0131\u011f\u0131m\u0131z kararlar\u0131m\u0131za kadar bir\u00e7ok alanda biz fark\u0131nda olmadan etkili olan hayati bir duyudur. Ancak genellikle kaybedilince fark\u0131na var\u0131l\u0131r. Koku kayb\u0131 sadece kulak burun bo\u011faz hastal\u0131klar\u0131na ba\u011fl\u0131 kronik sin\u00fczit, enfeksiyonlara ait olmayabilir. Parkinson, Alzheimer gibi n\u00f6rolojik hastal\u0131klar\u0131n habercisi de olabilir. Yeni a\u00e7\u0131lan laboratuvar\u0131m\u0131zda bu kayb\u0131 objektif testlerle de\u011ferlendirme ve erken tan\u0131 imkan\u0131na sahibiz&#8221; dedi.<\/p>\n<p>&#8220;Koku sinirleri g\u00fc\u00e7lendirilebilir&#8221;<br \/>\n<br \/>Dr. \u00d6\u011fr. \u00dcyesi Ceyda \u00dcste ise koku kayb\u0131n\u0131n sadece tespit edilmedi\u011fini, ayn\u0131 zamanda ki\u015fiye \u00f6zel bir rehabilitasyon program\u0131 ile bu duyunun desteklenebildi\u011fini belirtti. Dr. \u00d6\u011fr. \u00dcyesi \u00dcste, &#8220;Koku testleri ile kayb\u0131n d\u00fczeyini belirledikten sonra hastan\u0131n kalan koku sinirlerini uyararak duyuyu yeniden g\u00fc\u00e7lendirmeye odaklan\u0131yoruz. Bu rehabilitasyon sayesinde hastalar\u0131n ya\u015fam kalitesi art\u0131yor&#8221; ifadelerini kulland\u0131.<br \/><\/p>\n","protected":false},"excerpt":{"rendered":"<p>\u0130zmir Ekonomi \u00dcniversitesi Medical Point Hastanesi\u2019nde hizmete giren tat ve koku laboratuvar\u0131, koku kayb\u0131n\u0131 yap\u0131lacak testlerle saptayarak erken tan\u0131 ve rehabilitasyon s\u00fcrecinde \u00f6nemli bir rol \u00fcstlenecek. \u0130zmir Ekonomi \u00dcniversitesi (\u0130E\u00dc) Medical Point Hastanesi, sa\u011fl\u0131kta \u00f6nc\u00fc ad\u0131mlar\u0131na bir yenisini daha ekledi. Tat ve koku duyular\u0131na y\u00f6nelik tan\u0131 ve tedavi s\u00fcre\u00e7lerinde \u00f6nemli bir rol oynayacak olan Tat&#8230;<\/p>\n","protected":false},"author":1,"featured_media":46370,"comment_status":"open","ping_status":"open","sticky":false,"template":"","format":"standard","meta":{"_crdt_document":"","footnotes":""},"categories":[2],"tags":[],"class_list":["post-46369","post","type-post","status-publish","format-standard","has-post-thumbnail","hentry","category-saglik"],"_links":{"self":[{"href":"https:\/\/www.egemtv.com\/index.php?rest_route=\/wp\/v2\/posts\/46369","targetHints":{"allow":["GET"]}}],"collection":[{"href":"https:\/\/www.egemtv.com\/index.php?rest_route=\/wp\/v2\/posts"}],"about":[{"href":"https:\/\/www.egemtv.com\/index.php?rest_route=\/wp\/v2\/types\/post"}],"author":[{"embeddable":true,"href":"https:\/\/www.egemtv.com\/index.php?rest_route=\/wp\/v2\/users\/1"}],"replies":[{"embeddable":true,"href":"https:\/\/www.egemtv.com\/index.php?rest_route=%2Fwp%2Fv2%2Fcomments&post=46369"}],"version-history":[{"count":1,"href":"https:\/\/www.egemtv.com\/index.php?rest_route=\/wp\/v2\/posts\/46369\/revisions"}],"predecessor-version":[{"id":46371,"href":"https:\/\/www.egemtv.com\/index.php?rest_route=\/wp\/v2\/posts\/46369\/revisions\/46371"}],"wp:featuredmedia":[{"embeddable":true,"href":"https:\/\/www.egemtv.com\/index.php?rest_route=\/wp\/v2\/media\/46370"}],"wp:attachment":[{"href":"https:\/\/www.egemtv.com\/index.php?rest_route=%2Fwp%2Fv2%2Fmedia&parent=46369"}],"wp:term":[{"taxonomy":"category","embeddable":true,"href":"https:\/\/www.egemtv.com\/index.php?rest_route=%2Fwp%2Fv2%2Fcategories&post=46369"},{"taxonomy":"post_tag","embeddable":true,"href":"https:\/\/www.egemtv.com\/index.php?rest_route=%2Fwp%2Fv2%2Ftags&post=46369"}],"curies":[{"name":"wp","href":"https:\/\/api.w.org\/{rel}","templated":true}]}}