{"id":46366,"date":"2025-08-02T14:14:45","date_gmt":"2025-08-02T11:14:45","guid":{"rendered":"https:\/\/www.egemtv.com\/?p=46366"},"modified":"2025-08-02T14:14:46","modified_gmt":"2025-08-02T11:14:46","slug":"didimde-ilk-balik-mezati-gerceklestirildi","status":"publish","type":"post","link":"https:\/\/www.egemtv.com\/?p=46366","title":{"rendered":"Didim\u2019de ilk bal\u0131k mezat\u0131 ger\u00e7ekle\u015ftirildi"},"content":{"rendered":"<p>Ayd\u0131n\u2019\u0131n Didim il\u00e7esinde bulunan Ta\u015fburun Bal\u0131k\u00e7\u0131 Bar\u0131na\u011f\u0131\u2019nda ilk kez bal\u0131k mezat\u0131 d\u00fczenlendi.<br \/>\n<br \/>Sabah\u0131n erken saatlerinde ger\u00e7ekle\u015fen mezatta, \u00e7e\u015fitli t\u00fcrlerdeki taze bal\u0131klar tezgahlarda sergilendi ve a\u00e7\u0131k art\u0131rma usul\u00fcyle al\u0131c\u0131lara sunuldu. Bal\u0131k\u00e7\u0131lar ile vatanda\u015flar\u0131n yo\u011fun ilgi g\u00f6sterdi\u011fi mezat, bar\u0131nakta hareketli ve renkli g\u00f6r\u00fcnt\u00fclere sahne oldu. Bal\u0131klar\u0131n \u00fczerine konulan fiyat etiketleriyle ba\u015flayan sat\u0131\u015flar, k\u0131sa s\u00fcrede rekabet ortam\u0131na d\u00f6n\u00fc\u015ft\u00fc. T\u00fcketicilere taze ve uygun fiyatl\u0131 deniz \u00fcr\u00fcnlerine ula\u015fma imkan\u0131 sunan mezat\u0131 ziyaret eden Didim \u0130l\u00e7e Tar\u0131m ve Orman M\u00fcd\u00fcrl\u00fc\u011f\u00fc ekipleri de gerekli incelemelerde bulunarak mezat\u0131n hay\u0131rl\u0131 olmas\u0131 temennisinde bulundu. Mezat her hafta Cumartesi g\u00fcn\u00fc sabah saat 10.00\u2019da ba\u015flayacak.<br \/>\n<br \/>Mezat\u0131n bal\u0131k\u00e7\u0131l\u0131k faaliyetlerinin s\u00fcrd\u00fcr\u00fclebilirli\u011fi a\u00e7\u0131s\u0131ndan \u00f6nemli bir ad\u0131m oldu\u011funu belirten Didim \u0130l\u00e7e Tar\u0131m ve Orman M\u00fcd\u00fcrl\u00fc\u011f\u00fc, yapt\u0131\u011f\u0131 a\u00e7\u0131klamada &#8220;Ta\u015fburun bal\u0131k\u00e7\u0131 bar\u0131na\u011f\u0131nda ilk defa yap\u0131lan bal\u0131k mezat\u0131na il\u00e7e m\u00fcd\u00fcrl\u00fc\u011f\u00fc personelimiz ile kat\u0131l\u0131m sa\u011flad\u0131k&#8221; ifadelerine yer verdi.<br \/><\/p>\n","protected":false},"excerpt":{"rendered":"<p>Ayd\u0131n\u2019\u0131n Didim il\u00e7esinde bulunan Ta\u015fburun Bal\u0131k\u00e7\u0131 Bar\u0131na\u011f\u0131\u2019nda ilk kez bal\u0131k mezat\u0131 d\u00fczenlendi. Sabah\u0131n erken saatlerinde ger\u00e7ekle\u015fen mezatta, \u00e7e\u015fitli t\u00fcrlerdeki taze bal\u0131klar tezgahlarda sergilendi ve a\u00e7\u0131k art\u0131rma usul\u00fcyle al\u0131c\u0131lara sunuldu. Bal\u0131k\u00e7\u0131lar ile vatanda\u015flar\u0131n yo\u011fun ilgi g\u00f6sterdi\u011fi mezat, bar\u0131nakta hareketli ve renkli g\u00f6r\u00fcnt\u00fclere sahne oldu. Bal\u0131klar\u0131n \u00fczerine konulan fiyat etiketleriyle ba\u015flayan sat\u0131\u015flar, k\u0131sa s\u00fcrede rekabet ortam\u0131na d\u00f6n\u00fc\u015ft\u00fc&#8230;.<\/p>\n","protected":false},"author":1,"featured_media":46367,"comment_status":"open","ping_status":"open","sticky":false,"template":"","format":"standard","meta":{"_crdt_document":"","footnotes":""},"categories":[1],"tags":[],"class_list":["post-46366","post","type-post","status-publish","format-standard","has-post-thumbnail","hentry","category-guncel"],"_links":{"self":[{"href":"https:\/\/www.egemtv.com\/index.php?rest_route=\/wp\/v2\/posts\/46366","targetHints":{"allow":["GET"]}}],"collection":[{"href":"https:\/\/www.egemtv.com\/index.php?rest_route=\/wp\/v2\/posts"}],"about":[{"href":"https:\/\/www.egemtv.com\/index.php?rest_route=\/wp\/v2\/types\/post"}],"author":[{"embeddable":true,"href":"https:\/\/www.egemtv.com\/index.php?rest_route=\/wp\/v2\/users\/1"}],"replies":[{"embeddable":true,"href":"https:\/\/www.egemtv.com\/index.php?rest_route=%2Fwp%2Fv2%2Fcomments&post=46366"}],"version-history":[{"count":1,"href":"https:\/\/www.egemtv.com\/index.php?rest_route=\/wp\/v2\/posts\/46366\/revisions"}],"predecessor-version":[{"id":46368,"href":"https:\/\/www.egemtv.com\/index.php?rest_route=\/wp\/v2\/posts\/46366\/revisions\/46368"}],"wp:featuredmedia":[{"embeddable":true,"href":"https:\/\/www.egemtv.com\/index.php?rest_route=\/wp\/v2\/media\/46367"}],"wp:attachment":[{"href":"https:\/\/www.egemtv.com\/index.php?rest_route=%2Fwp%2Fv2%2Fmedia&parent=46366"}],"wp:term":[{"taxonomy":"category","embeddable":true,"href":"https:\/\/www.egemtv.com\/index.php?rest_route=%2Fwp%2Fv2%2Fcategories&post=46366"},{"taxonomy":"post_tag","embeddable":true,"href":"https:\/\/www.egemtv.com\/index.php?rest_route=%2Fwp%2Fv2%2Ftags&post=46366"}],"curies":[{"name":"wp","href":"https:\/\/api.w.org\/{rel}","templated":true}]}}