{"id":46363,"date":"2025-08-02T13:54:48","date_gmt":"2025-08-02T10:54:48","guid":{"rendered":"https:\/\/www.egemtv.com\/?p=46363"},"modified":"2025-08-02T13:54:49","modified_gmt":"2025-08-02T10:54:49","slug":"mentesede-yolcu-otobusunde-yangin-panigi","status":"publish","type":"post","link":"https:\/\/www.egemtv.com\/?p=46363","title":{"rendered":"Mente\u015fe\u2019de yolcu otob\u00fcs\u00fcnde yang\u0131n pani\u011fi"},"content":{"rendered":"<p>Mu\u011fla\u2019n\u0131n Mente\u015fe il\u00e7esine ba\u011fl\u0131 \u00c7akmak Mahallesi Denizli yolu \u00fczerinde seyir halindeki bir yolcu otob\u00fcs\u00fcnde \u00e7\u0131kan yang\u0131n, k\u0131sa s\u00fcreli pani\u011fe neden oldu.<br \/>\n<br \/>Edinilen bilgilere g\u00f6re, Mu\u011fla\u2019dan Denizli istikametine seyreden yolcu otob\u00fcs\u00fcn\u00fcn motor k\u0131sm\u0131ndan dumanlar\u0131n y\u00fckseldi\u011fini fark eden \u015fof\u00f6r, durumu 112 Acil \u00c7a\u011fr\u0131 Merkezi\u2019ne bildirdi. \u0130hbar \u00fczerine b\u00f6lgeye Mu\u011fla Orman B\u00f6lge M\u00fcd\u00fcrl\u00fc\u011f\u00fc ekipleri, Mu\u011fla B\u00fcy\u00fck\u015fehir Belediyesi \u0130tfaiye Daire Ba\u015fkanl\u0131\u011f\u0131 ekipleri, jandarma ve b\u00f6lge trafik ekipleri sevk edildi.<br \/>\n<br \/>Orman ekipleri olay yerine k\u0131sa s\u00fcrede ula\u015farak yang\u0131na m\u00fcdahale etti ve otob\u00fcs\u00fcn motor b\u00f6l\u00fcm\u00fcnde \u00e7\u0131kan yang\u0131n kontrol alt\u0131na al\u0131nd\u0131. Yang\u0131n s\u0131ras\u0131nda otob\u00fcs i\u00e7erisinde bulunan yolcular tahliye edilerek g\u00fcvenli b\u00f6lgeye al\u0131nd\u0131. Yolcular, ba\u015fka bir otob\u00fcsle gidecekleri yere sevk edildi.<br \/>\n<br \/>\u0130lk incelemelere g\u00f6re, yang\u0131n\u0131n otob\u00fcs\u00fcn motor k\u0131sm\u0131ndan \u00e7\u0131kt\u0131\u011f\u0131 ve bu b\u00f6l\u00fcm\u00fcn ciddi \u015fekilde hasar g\u00f6rd\u00fc\u011f\u00fc tespit edildi. Olayda herhangi bir yaralanma ya da can kayb\u0131 ya\u015fanmad\u0131\u011f\u0131 \u00f6\u011frenildi.<br \/>\n<br \/>Yang\u0131n\u0131n \u00e7\u0131k\u0131\u015f sebebiyle ilgili teknik inceleme ba\u015flat\u0131l\u0131rken, jandarma ekipleri olayla ilgili soru\u015fturmas\u0131n\u0131 s\u00fcrd\u00fcr\u00fcyor.<br \/><\/p>\n","protected":false},"excerpt":{"rendered":"<p>Mu\u011fla\u2019n\u0131n Mente\u015fe il\u00e7esine ba\u011fl\u0131 \u00c7akmak Mahallesi Denizli yolu \u00fczerinde seyir halindeki bir yolcu otob\u00fcs\u00fcnde \u00e7\u0131kan yang\u0131n, k\u0131sa s\u00fcreli pani\u011fe neden oldu. Edinilen bilgilere g\u00f6re, Mu\u011fla\u2019dan Denizli istikametine seyreden yolcu otob\u00fcs\u00fcn\u00fcn motor k\u0131sm\u0131ndan dumanlar\u0131n y\u00fckseldi\u011fini fark eden \u015fof\u00f6r, durumu 112 Acil \u00c7a\u011fr\u0131 Merkezi\u2019ne bildirdi. \u0130hbar \u00fczerine b\u00f6lgeye Mu\u011fla Orman B\u00f6lge M\u00fcd\u00fcrl\u00fc\u011f\u00fc ekipleri, Mu\u011fla B\u00fcy\u00fck\u015fehir Belediyesi \u0130tfaiye&#8230;<\/p>\n","protected":false},"author":1,"featured_media":46364,"comment_status":"open","ping_status":"open","sticky":false,"template":"","format":"standard","meta":{"_crdt_document":"","footnotes":""},"categories":[5],"tags":[],"class_list":["post-46363","post","type-post","status-publish","format-standard","has-post-thumbnail","hentry","category-asayis"],"_links":{"self":[{"href":"https:\/\/www.egemtv.com\/index.php?rest_route=\/wp\/v2\/posts\/46363","targetHints":{"allow":["GET"]}}],"collection":[{"href":"https:\/\/www.egemtv.com\/index.php?rest_route=\/wp\/v2\/posts"}],"about":[{"href":"https:\/\/www.egemtv.com\/index.php?rest_route=\/wp\/v2\/types\/post"}],"author":[{"embeddable":true,"href":"https:\/\/www.egemtv.com\/index.php?rest_route=\/wp\/v2\/users\/1"}],"replies":[{"embeddable":true,"href":"https:\/\/www.egemtv.com\/index.php?rest_route=%2Fwp%2Fv2%2Fcomments&post=46363"}],"version-history":[{"count":1,"href":"https:\/\/www.egemtv.com\/index.php?rest_route=\/wp\/v2\/posts\/46363\/revisions"}],"predecessor-version":[{"id":46365,"href":"https:\/\/www.egemtv.com\/index.php?rest_route=\/wp\/v2\/posts\/46363\/revisions\/46365"}],"wp:featuredmedia":[{"embeddable":true,"href":"https:\/\/www.egemtv.com\/index.php?rest_route=\/wp\/v2\/media\/46364"}],"wp:attachment":[{"href":"https:\/\/www.egemtv.com\/index.php?rest_route=%2Fwp%2Fv2%2Fmedia&parent=46363"}],"wp:term":[{"taxonomy":"category","embeddable":true,"href":"https:\/\/www.egemtv.com\/index.php?rest_route=%2Fwp%2Fv2%2Fcategories&post=46363"},{"taxonomy":"post_tag","embeddable":true,"href":"https:\/\/www.egemtv.com\/index.php?rest_route=%2Fwp%2Fv2%2Ftags&post=46363"}],"curies":[{"name":"wp","href":"https:\/\/api.w.org\/{rel}","templated":true}]}}