{"id":46360,"date":"2025-08-02T13:35:46","date_gmt":"2025-08-02T10:35:46","guid":{"rendered":"https:\/\/www.egemtv.com\/?p=46360"},"modified":"2025-08-02T13:35:47","modified_gmt":"2025-08-02T10:35:47","slug":"arinc-pazarci-esnafini-dinledi","status":"publish","type":"post","link":"https:\/\/www.egemtv.com\/?p=46360","title":{"rendered":"Ar\u0131n\u00e7, pazarc\u0131 esnaf\u0131n\u0131 dinledi"},"content":{"rendered":"<p>AK Parti MKYK \u00dcyesi ve Manisa Milletvekili M\u00fccahit Ar\u0131n\u00e7, Alaybey Cumartesi Pazar\u0131\u2019n\u0131 ziyaret ederek, pazarc\u0131 esnaf\u0131yla bir araya geldi.<br \/>\n<br \/>Sabah\u0131n erken saatlerinde ba\u015flayan programda Ar\u0131n\u00e7, tezgah ba\u015f\u0131ndaki esnafa hay\u0131rl\u0131 i\u015fler dileyerek, sorun ve talepleri dinledi. Pazar ziyareti sonras\u0131 M\u00fccahit Ar\u0131n\u00e7, \u015eehzadeler \u0130l\u00e7e Ba\u015fkan\u0131 Ahmet Nalbant ve Manisa Esnaf ve Sanatkarlar Kredi ve Kefalet Kooperatifi Ba\u015fkan\u0131 Destan Bulgay ile birlikte pazarc\u0131 esnaf\u0131yla kahvalt\u0131da bulu\u015ftu. Kahvalt\u0131 program\u0131nda hem pazarc\u0131lar\u0131n ya\u015fad\u0131\u011f\u0131 sorunlar hem de \u00fclke ekonomisinin g\u00fcncel durumu masaya yat\u0131r\u0131ld\u0131. Program sonras\u0131nda a\u00e7\u0131klamada bulunan Ar\u0131n\u00e7, ekonomik s\u0131k\u0131nt\u0131lar\u0131n fark\u0131nda olduklar\u0131n\u0131 vurgulayarak \u015fu ifadeleri kulland\u0131: &#8220;Ekonomik zorluklar\u0131n hepimiz fark\u0131nday\u0131z. Bu zor d\u00f6nemde vatanda\u015f\u0131m\u0131z\u0131n yan\u0131nday\u0131z. Sahaday\u0131z, dinliyoruz, not al\u0131yoruz. Ancak \u015funu a\u00e7\u0131k\u00e7a ifade etmek isterim: Bu sorunlar\u0131 \u00e7\u00f6zecek olan yine biziz. \u0130nsan\u0131m\u0131z da bunun bilincinde ve bize g\u00fcveniyor. Biz de bu g\u00fcveni bo\u015fa \u00e7\u0131karmayaca\u011f\u0131z&#8221;<br \/>\n<br \/>Manisa\u2019daki saha programlar\u0131na devam eden M\u00fccahit Ar\u0131n\u00e7, vatanda\u015fla birebir temas kurarak talepleri yerinde dinlemeyi ve \u00e7\u00f6z\u00fcm odakl\u0131 politikalar geli\u015ftirmeyi s\u00fcrd\u00fcreceklerini belirtti.<br \/><\/p>\n","protected":false},"excerpt":{"rendered":"<p>AK Parti MKYK \u00dcyesi ve Manisa Milletvekili M\u00fccahit Ar\u0131n\u00e7, Alaybey Cumartesi Pazar\u0131\u2019n\u0131 ziyaret ederek, pazarc\u0131 esnaf\u0131yla bir araya geldi. Sabah\u0131n erken saatlerinde ba\u015flayan programda Ar\u0131n\u00e7, tezgah ba\u015f\u0131ndaki esnafa hay\u0131rl\u0131 i\u015fler dileyerek, sorun ve talepleri dinledi. Pazar ziyareti sonras\u0131 M\u00fccahit Ar\u0131n\u00e7, \u015eehzadeler \u0130l\u00e7e Ba\u015fkan\u0131 Ahmet Nalbant ve Manisa Esnaf ve Sanatkarlar Kredi ve Kefalet Kooperatifi Ba\u015fkan\u0131&#8230;<\/p>\n","protected":false},"author":1,"featured_media":46361,"comment_status":"open","ping_status":"open","sticky":false,"template":"","format":"standard","meta":{"_crdt_document":"","footnotes":""},"categories":[127],"tags":[],"class_list":["post-46360","post","type-post","status-publish","format-standard","has-post-thumbnail","hentry","category-siyaset"],"_links":{"self":[{"href":"https:\/\/www.egemtv.com\/index.php?rest_route=\/wp\/v2\/posts\/46360","targetHints":{"allow":["GET"]}}],"collection":[{"href":"https:\/\/www.egemtv.com\/index.php?rest_route=\/wp\/v2\/posts"}],"about":[{"href":"https:\/\/www.egemtv.com\/index.php?rest_route=\/wp\/v2\/types\/post"}],"author":[{"embeddable":true,"href":"https:\/\/www.egemtv.com\/index.php?rest_route=\/wp\/v2\/users\/1"}],"replies":[{"embeddable":true,"href":"https:\/\/www.egemtv.com\/index.php?rest_route=%2Fwp%2Fv2%2Fcomments&post=46360"}],"version-history":[{"count":1,"href":"https:\/\/www.egemtv.com\/index.php?rest_route=\/wp\/v2\/posts\/46360\/revisions"}],"predecessor-version":[{"id":46362,"href":"https:\/\/www.egemtv.com\/index.php?rest_route=\/wp\/v2\/posts\/46360\/revisions\/46362"}],"wp:featuredmedia":[{"embeddable":true,"href":"https:\/\/www.egemtv.com\/index.php?rest_route=\/wp\/v2\/media\/46361"}],"wp:attachment":[{"href":"https:\/\/www.egemtv.com\/index.php?rest_route=%2Fwp%2Fv2%2Fmedia&parent=46360"}],"wp:term":[{"taxonomy":"category","embeddable":true,"href":"https:\/\/www.egemtv.com\/index.php?rest_route=%2Fwp%2Fv2%2Fcategories&post=46360"},{"taxonomy":"post_tag","embeddable":true,"href":"https:\/\/www.egemtv.com\/index.php?rest_route=%2Fwp%2Fv2%2Ftags&post=46360"}],"curies":[{"name":"wp","href":"https:\/\/api.w.org\/{rel}","templated":true}]}}