{"id":46357,"date":"2025-08-02T13:35:45","date_gmt":"2025-08-02T10:35:45","guid":{"rendered":"https:\/\/www.egemtv.com\/?p=46357"},"modified":"2025-08-02T13:35:46","modified_gmt":"2025-08-02T10:35:46","slug":"manisada-zeytin-sinegine-karsi-ilaclama-cagrisi","status":"publish","type":"post","link":"https:\/\/www.egemtv.com\/?p=46357","title":{"rendered":"Manisa\u2019da zeytin sine\u011fine kar\u015f\u0131 ila\u00e7lama \u00e7a\u011fr\u0131s\u0131"},"content":{"rendered":"<p>Manisa\u2019n\u0131n Salihli il\u00e7esinde saha \u00e7al\u0131\u015fmalar\u0131 ger\u00e7ekle\u015ftiren \u0130l\u00e7e Tar\u0131m ve Orman M\u00fcd\u00fcrl\u00fc\u011f\u00fc ekipleri, zeytin sine\u011fine kar\u015f\u0131 ila\u00e7lamaya ba\u015flanmas\u0131 gerekti\u011fini duyurdu.<br \/>\n<br \/>Salihli \u0130l\u00e7e Tar\u0131m ve Orman M\u00fcd\u00fcrl\u00fc\u011f\u00fc personeli bitki sa\u011fl\u0131\u011f\u0131 ile ilgili konularda arazide periyodik kontrollerine devam ediyor. Bu \u00e7er\u00e7evede sahaya inen ekipler, monit\u00f6r tuzaklar\u0131n haftal\u0131k say\u0131mlar\u0131n\u0131 yaparken, bir yandan da bah\u00e7e kontrolleri ger\u00e7ekle\u015ftirdi. Zeytin sine\u011fine kar\u015f\u0131 bah\u00e7elerde de zararl\u0131 pop\u00fclasyonlar incelenirken, ekipler zeytinlerde ila\u00e7laman\u0131n ba\u015flat\u0131lmas\u0131 gerekti\u011fi \u00e7a\u011fr\u0131s\u0131nda bulundu. \u0130la\u00e7laman\u0131n ruhsatl\u0131 bitki koruma \u00fcr\u00fcnleri ile yap\u0131lmas\u0131 gerekti\u011fine dikkat \u00e7ekildi.<br \/>\n<br \/>Yap\u0131lan a\u00e7\u0131klamada &#8220;Salihli\u2019nin y\u00fcksek kesimlerinde Poyraz, G\u00f6key\u00fcp, Kemer, Kurttutan, Hac\u0131h\u0131d\u0131r ve Bozda\u011f mahallerinde zeytinli\u011fi olan \u00fcreticilerimizin 5 A\u011fustos tarihine kadar zeytin sine\u011fine kar\u015f\u0131 ruhsatl\u0131 bir bitki koruma \u00fcr\u00fcn\u00fc ile m\u00fccadele yapmalar\u0131 gerekmektedir&#8221; s\u00f6zlerine yer verildi.<br \/><\/p>\n","protected":false},"excerpt":{"rendered":"<p>Manisa\u2019n\u0131n Salihli il\u00e7esinde saha \u00e7al\u0131\u015fmalar\u0131 ger\u00e7ekle\u015ftiren \u0130l\u00e7e Tar\u0131m ve Orman M\u00fcd\u00fcrl\u00fc\u011f\u00fc ekipleri, zeytin sine\u011fine kar\u015f\u0131 ila\u00e7lamaya ba\u015flanmas\u0131 gerekti\u011fini duyurdu. Salihli \u0130l\u00e7e Tar\u0131m ve Orman M\u00fcd\u00fcrl\u00fc\u011f\u00fc personeli bitki sa\u011fl\u0131\u011f\u0131 ile ilgili konularda arazide periyodik kontrollerine devam ediyor. Bu \u00e7er\u00e7evede sahaya inen ekipler, monit\u00f6r tuzaklar\u0131n haftal\u0131k say\u0131mlar\u0131n\u0131 yaparken, bir yandan da bah\u00e7e kontrolleri ger\u00e7ekle\u015ftirdi. Zeytin sine\u011fine kar\u015f\u0131&#8230;<\/p>\n","protected":false},"author":1,"featured_media":46358,"comment_status":"open","ping_status":"open","sticky":false,"template":"","format":"standard","meta":{"_crdt_document":"","footnotes":""},"categories":[1],"tags":[],"class_list":["post-46357","post","type-post","status-publish","format-standard","has-post-thumbnail","hentry","category-guncel"],"_links":{"self":[{"href":"https:\/\/www.egemtv.com\/index.php?rest_route=\/wp\/v2\/posts\/46357","targetHints":{"allow":["GET"]}}],"collection":[{"href":"https:\/\/www.egemtv.com\/index.php?rest_route=\/wp\/v2\/posts"}],"about":[{"href":"https:\/\/www.egemtv.com\/index.php?rest_route=\/wp\/v2\/types\/post"}],"author":[{"embeddable":true,"href":"https:\/\/www.egemtv.com\/index.php?rest_route=\/wp\/v2\/users\/1"}],"replies":[{"embeddable":true,"href":"https:\/\/www.egemtv.com\/index.php?rest_route=%2Fwp%2Fv2%2Fcomments&post=46357"}],"version-history":[{"count":1,"href":"https:\/\/www.egemtv.com\/index.php?rest_route=\/wp\/v2\/posts\/46357\/revisions"}],"predecessor-version":[{"id":46359,"href":"https:\/\/www.egemtv.com\/index.php?rest_route=\/wp\/v2\/posts\/46357\/revisions\/46359"}],"wp:featuredmedia":[{"embeddable":true,"href":"https:\/\/www.egemtv.com\/index.php?rest_route=\/wp\/v2\/media\/46358"}],"wp:attachment":[{"href":"https:\/\/www.egemtv.com\/index.php?rest_route=%2Fwp%2Fv2%2Fmedia&parent=46357"}],"wp:term":[{"taxonomy":"category","embeddable":true,"href":"https:\/\/www.egemtv.com\/index.php?rest_route=%2Fwp%2Fv2%2Fcategories&post=46357"},{"taxonomy":"post_tag","embeddable":true,"href":"https:\/\/www.egemtv.com\/index.php?rest_route=%2Fwp%2Fv2%2Ftags&post=46357"}],"curies":[{"name":"wp","href":"https:\/\/api.w.org\/{rel}","templated":true}]}}