{"id":46351,"date":"2025-08-02T13:15:18","date_gmt":"2025-08-02T10:15:18","guid":{"rendered":"https:\/\/www.egemtv.com\/?p=46351"},"modified":"2025-08-02T13:15:19","modified_gmt":"2025-08-02T10:15:19","slug":"kutahyada-yaz-kuran-kurslarinda-112-acil-cagri-farkindaligi","status":"publish","type":"post","link":"https:\/\/www.egemtv.com\/?p=46351","title":{"rendered":"K\u00fctahya\u2019da \u2019Yaz Kur\u2019an Kurslar\u0131\u2019nda 112 Acil \u00c7a\u011fr\u0131\u2019 fark\u0131ndal\u0131\u011f\u0131"},"content":{"rendered":"<p>K\u00fctahya 112 Acil \u00c7a\u011fr\u0131 Merkezi M\u00fcd\u00fcrl\u00fc\u011f\u00fc ekipleri, \u0130l M\u00fcft\u00fcl\u00fc\u011f\u00fcne ba\u011fl\u0131 camilerde a\u00e7\u0131lan Yaz Kur\u2019an Kurslar\u0131n\u0131 ziyaret ederek \u00f6\u011frencileri bilgilendirdi.<br \/>\n<br \/>Ziya Hisar Camii, Mekke Camii, Mus\u2019ab Bin Umeyr Camii, Mekke Camii K\u0131z Kur\u2019an Kursu, Selimiye Camii, Yunusemre Camii, \u015eeyh Edebali Camii, Tahsin Uygun, Buhara Siteler Camii ve Bilal-i Habe\u015fi Camii Yaz Kur\u2019an Kurslar\u0131nda ger\u00e7ekle\u015ftirilen etkinliklerde \u00f6\u011frencilere &#8220;Acil Durumda Tek Numara 112&#8221; anlat\u0131ld\u0131.<br \/>\n<br \/>Ziyaretlerde 112 Acil \u00c7a\u011fr\u0131 Merkezi M\u00fcd\u00fcrl\u00fc\u011f\u00fc\u2019n\u00fcn tan\u0131t\u0131m\u0131 yap\u0131l\u0131rken, acil durumlarda hangi durumlarda ve nas\u0131l arama yap\u0131lmas\u0131 gerekti\u011fi aktar\u0131ld\u0131. Ayr\u0131ca \u00f6\u011frencilere Acil Durum El K\u0131lavuzu da\u011f\u0131t\u0131ld\u0131.<br \/>\n<br \/>K\u00fctahya 112 Acil \u00c7a\u011fr\u0131 Merkezi M\u00fcd\u00fcr\u00fc Tamer Yi\u011fit, fark\u0131ndal\u0131k \u00e7al\u0131\u015fmalar\u0131n\u0131n kent genelinde farkl\u0131 cami ve kurslarda devam edece\u011fini belirtti.<br \/><\/p>\n","protected":false},"excerpt":{"rendered":"<p>K\u00fctahya 112 Acil \u00c7a\u011fr\u0131 Merkezi M\u00fcd\u00fcrl\u00fc\u011f\u00fc ekipleri, \u0130l M\u00fcft\u00fcl\u00fc\u011f\u00fcne ba\u011fl\u0131 camilerde a\u00e7\u0131lan Yaz Kur\u2019an Kurslar\u0131n\u0131 ziyaret ederek \u00f6\u011frencileri bilgilendirdi. Ziya Hisar Camii, Mekke Camii, Mus\u2019ab Bin Umeyr Camii, Mekke Camii K\u0131z Kur\u2019an Kursu, Selimiye Camii, Yunusemre Camii, \u015eeyh Edebali Camii, Tahsin Uygun, Buhara Siteler Camii ve Bilal-i Habe\u015fi Camii Yaz Kur\u2019an Kurslar\u0131nda ger\u00e7ekle\u015ftirilen etkinliklerde \u00f6\u011frencilere&#8230;<\/p>\n","protected":false},"author":1,"featured_media":46352,"comment_status":"open","ping_status":"open","sticky":false,"template":"","format":"standard","meta":{"_crdt_document":"","footnotes":""},"categories":[123],"tags":[],"class_list":["post-46351","post","type-post","status-publish","format-standard","has-post-thumbnail","hentry","category-gundem"],"_links":{"self":[{"href":"https:\/\/www.egemtv.com\/index.php?rest_route=\/wp\/v2\/posts\/46351","targetHints":{"allow":["GET"]}}],"collection":[{"href":"https:\/\/www.egemtv.com\/index.php?rest_route=\/wp\/v2\/posts"}],"about":[{"href":"https:\/\/www.egemtv.com\/index.php?rest_route=\/wp\/v2\/types\/post"}],"author":[{"embeddable":true,"href":"https:\/\/www.egemtv.com\/index.php?rest_route=\/wp\/v2\/users\/1"}],"replies":[{"embeddable":true,"href":"https:\/\/www.egemtv.com\/index.php?rest_route=%2Fwp%2Fv2%2Fcomments&post=46351"}],"version-history":[{"count":1,"href":"https:\/\/www.egemtv.com\/index.php?rest_route=\/wp\/v2\/posts\/46351\/revisions"}],"predecessor-version":[{"id":46353,"href":"https:\/\/www.egemtv.com\/index.php?rest_route=\/wp\/v2\/posts\/46351\/revisions\/46353"}],"wp:featuredmedia":[{"embeddable":true,"href":"https:\/\/www.egemtv.com\/index.php?rest_route=\/wp\/v2\/media\/46352"}],"wp:attachment":[{"href":"https:\/\/www.egemtv.com\/index.php?rest_route=%2Fwp%2Fv2%2Fmedia&parent=46351"}],"wp:term":[{"taxonomy":"category","embeddable":true,"href":"https:\/\/www.egemtv.com\/index.php?rest_route=%2Fwp%2Fv2%2Fcategories&post=46351"},{"taxonomy":"post_tag","embeddable":true,"href":"https:\/\/www.egemtv.com\/index.php?rest_route=%2Fwp%2Fv2%2Ftags&post=46351"}],"curies":[{"name":"wp","href":"https:\/\/api.w.org\/{rel}","templated":true}]}}