{"id":46348,"date":"2025-08-02T13:15:17","date_gmt":"2025-08-02T10:15:17","guid":{"rendered":"https:\/\/www.egemtv.com\/?p=46348"},"modified":"2025-08-02T13:15:18","modified_gmt":"2025-08-02T10:15:18","slug":"aydinda-feci-kaza-eglence-mekanindan-cikan-genc-feci-sekilde-hayatini-kaybetti","status":"publish","type":"post","link":"https:\/\/www.egemtv.com\/?p=46348","title":{"rendered":"Ayd\u0131n\u2019da feci kaza; E\u011flence mekan\u0131ndan \u00e7\u0131kan gen\u00e7 feci \u015fekilde hayat\u0131n\u0131 kaybetti"},"content":{"rendered":"<p>Ayd\u0131n\u2019\u0131n K\u00f6\u015fk il\u00e7esinde sabaha kar\u015f\u0131 meydana gelen trafik kazas\u0131nda 22 ya\u015f\u0131ndaki bir gen\u00e7 feci \u015fekilde hayat\u0131n\u0131 kaybetti. Cumhuriyet Savc\u0131l\u0131\u011f\u0131 taraf\u0131ndan el konulan olayla ilgili soru\u015fturma ba\u015flat\u0131ld\u0131.<br \/>\n<br \/>Kaza sabaha kar\u015f\u0131 saat 04:30 s\u0131ralar\u0131nda meydana geldi. Edinilen bilgiye g\u00f6re Ayd\u0131n Efeler \u0130l\u00e7esi\u2019ne ba\u011fl\u0131 K\u0131rsal E\u011frikavak Mahallesi\u2019nde ya\u015fayan Bar\u0131\u015f Sar\u0131, iddiaya g\u00f6re arkada\u015f\u0131 G.\u00d6. ile Ayd\u0131n-Denizli yolu \u00fczeri Ovak\u00f6y\u2019de bulunan bir e\u011flence mekan\u0131na gitti. Burada vakit ge\u00e7iren Bar\u0131\u015f Sar\u0131, sabaha kar\u015f\u0131 eve d\u00f6n\u00fc\u015f i\u00e7in e\u011flence mekan\u0131ndan \u00e7\u0131kt\u0131ktan sonra motoru ile karayolunda bir kamyonetin alt\u0131nda kalarak hayat\u0131n\u0131 kaybetti.<br \/>\n<br \/>Cumhuriyet Savc\u0131l\u0131\u011f\u0131 taraf\u0131ndan el konulan olayla ilgili soru\u015fturma ba\u015flat\u0131l\u0131rken, hen\u00fcz askerden yeni d\u00f6nd\u00fc\u011f\u00fc \u00f6\u011frenilen Bar\u0131\u015f Sar\u0131\u2019\u0131n gen\u00e7 ya\u015fta hayat\u0131n\u0131 kaybetmesi sevenlerini \u00fczd\u00fc.<br \/><\/p>\n","protected":false},"excerpt":{"rendered":"<p>Ayd\u0131n\u2019\u0131n K\u00f6\u015fk il\u00e7esinde sabaha kar\u015f\u0131 meydana gelen trafik kazas\u0131nda 22 ya\u015f\u0131ndaki bir gen\u00e7 feci \u015fekilde hayat\u0131n\u0131 kaybetti. Cumhuriyet Savc\u0131l\u0131\u011f\u0131 taraf\u0131ndan el konulan olayla ilgili soru\u015fturma ba\u015flat\u0131ld\u0131. Kaza sabaha kar\u015f\u0131 saat 04:30 s\u0131ralar\u0131nda meydana geldi. Edinilen bilgiye g\u00f6re Ayd\u0131n Efeler \u0130l\u00e7esi\u2019ne ba\u011fl\u0131 K\u0131rsal E\u011frikavak Mahallesi\u2019nde ya\u015fayan Bar\u0131\u015f Sar\u0131, iddiaya g\u00f6re arkada\u015f\u0131 G.\u00d6. ile Ayd\u0131n-Denizli yolu \u00fczeri&#8230;<\/p>\n","protected":false},"author":1,"featured_media":46349,"comment_status":"open","ping_status":"open","sticky":false,"template":"","format":"standard","meta":{"_crdt_document":"","footnotes":""},"categories":[5],"tags":[],"class_list":["post-46348","post","type-post","status-publish","format-standard","has-post-thumbnail","hentry","category-asayis"],"_links":{"self":[{"href":"https:\/\/www.egemtv.com\/index.php?rest_route=\/wp\/v2\/posts\/46348","targetHints":{"allow":["GET"]}}],"collection":[{"href":"https:\/\/www.egemtv.com\/index.php?rest_route=\/wp\/v2\/posts"}],"about":[{"href":"https:\/\/www.egemtv.com\/index.php?rest_route=\/wp\/v2\/types\/post"}],"author":[{"embeddable":true,"href":"https:\/\/www.egemtv.com\/index.php?rest_route=\/wp\/v2\/users\/1"}],"replies":[{"embeddable":true,"href":"https:\/\/www.egemtv.com\/index.php?rest_route=%2Fwp%2Fv2%2Fcomments&post=46348"}],"version-history":[{"count":1,"href":"https:\/\/www.egemtv.com\/index.php?rest_route=\/wp\/v2\/posts\/46348\/revisions"}],"predecessor-version":[{"id":46350,"href":"https:\/\/www.egemtv.com\/index.php?rest_route=\/wp\/v2\/posts\/46348\/revisions\/46350"}],"wp:featuredmedia":[{"embeddable":true,"href":"https:\/\/www.egemtv.com\/index.php?rest_route=\/wp\/v2\/media\/46349"}],"wp:attachment":[{"href":"https:\/\/www.egemtv.com\/index.php?rest_route=%2Fwp%2Fv2%2Fmedia&parent=46348"}],"wp:term":[{"taxonomy":"category","embeddable":true,"href":"https:\/\/www.egemtv.com\/index.php?rest_route=%2Fwp%2Fv2%2Fcategories&post=46348"},{"taxonomy":"post_tag","embeddable":true,"href":"https:\/\/www.egemtv.com\/index.php?rest_route=%2Fwp%2Fv2%2Ftags&post=46348"}],"curies":[{"name":"wp","href":"https:\/\/api.w.org\/{rel}","templated":true}]}}