{"id":46345,"date":"2025-08-02T12:54:57","date_gmt":"2025-08-02T09:54:57","guid":{"rendered":"https:\/\/www.egemtv.com\/?p=46345"},"modified":"2025-08-02T12:54:58","modified_gmt":"2025-08-02T09:54:58","slug":"buharkentte-sampiyonlar-belli-oldu","status":"publish","type":"post","link":"https:\/\/www.egemtv.com\/?p=46345","title":{"rendered":"Buharkent\u2019te \u015fampiyonlar belli oldu"},"content":{"rendered":"<p>Ayd\u0131n\u2019\u0131n Buharkent il\u00e7esinde d\u00fczenlenen \u2019Kentin \u00c7ocuklar\u0131 Basketbol Turnuvas\u0131\u2019nda m\u00fccadele eden minikler, \u015fampiyonluk i\u00e7in ter d\u00f6kerken, turnuvan\u0131n final heyecan\u0131n\u0131n ard\u0131ndan kazanan tak\u0131mlar belli oldu.<br \/>\n<br \/>Buharkent Belediyesi koordinesinde bu y\u0131l 18.\u2019si d\u00fczenlenecek olan Geleneksel Taze \u0130ncir Festivali i\u00e7in geri say\u0131m ba\u015flad\u0131. Festival kapsam\u0131nda haz\u0131rlanan etkinlik ve turnuvalar da ba\u015fvurular\u0131n tamamlanmas\u0131n\u0131n ard\u0131ndan ba\u015flarken, \u00e7ocuklar\u0131n sporla i\u00e7 i\u00e7e b\u00fcy\u00fcmesi amac\u0131yla ger\u00e7ekle\u015ftirilen \u2019Kentin \u00c7ocuklar\u0131\u2019 basketbol turnuvas\u0131nda da final heyecan\u0131 ya\u015fand\u0131. K\u0131yas\u0131ya m\u00fccadelenin yer ald\u0131\u011f\u0131 turnuvada bir araya gelen minikler de \u015fampiyonluk i\u00e7in ter d\u00f6ken, turnuvan\u0131n kazanan tak\u0131mlar\u0131 belli oldu. Rekabetin yan\u0131 s\u0131ra renkli g\u00f6r\u00fcnt\u00fclere de sahne olan turnuvan\u0131n K\u00fc\u00e7\u00fck Grup kategorisinde Parkenin Sava\u015f\u00e7\u0131lar\u0131 tak\u0131m\u0131 birinci, Potan\u0131n Pe\u015findekiler tak\u0131m\u0131 ikinci, S\u00fcper D\u00f6rtl\u00fc tak\u0131m\u0131 ise \u00fc\u00e7\u00fcnc\u00fc oldu. B\u00fcy\u00fck Grup kategorisinde ise Savunma Ekibi tak\u0131m\u0131 birinci, Zirve tak\u0131m\u0131 ikinci, \u00dc\u00e7l\u00fck Ya\u011fmuru tak\u0131m\u0131 da \u00fc\u00e7\u00fcnc\u00fc oldu.<br \/>\n<br \/>Buharkent Belediye Ba\u015fkan\u0131 Mehmet Erol, turnuvaya kat\u0131lan herkese te\u015fekk\u00fcr ederek &#8220;Turnuvam\u0131z\u0131n son g\u00fcn\u00fcnde k\u00fc\u00e7\u00fck ve b\u00fcy\u00fck ya\u015f gruplar\u0131n\u0131n \u00e7eyrek final, yar\u0131 final ve final ma\u00e7lar\u0131nda heyecan, m\u00fccadele ve co\u015fkuyu bir arada ya\u015fad\u0131k. Kat\u0131l\u0131m sa\u011flayan t\u00fcm \u00e7ocuklar\u0131m\u0131za madalyalar\u0131n\u0131 takdim ettik, dereceye giren tak\u0131mlar\u0131m\u0131z\u0131 da kupalar\u0131yla bulu\u015fturduk. T\u00fcm evlatlar\u0131m\u0131z\u0131 y\u00fcrekten tebrik ediyorum. Bu g\u00fczel organizasyona emek veren Basketbol Sorumlumuz Onur Akkoyun\u2019a ve katk\u0131 sa\u011flayan herkese te\u015fekk\u00fcr ediyorum.<br \/>\n<br \/>Nice turnuvalarda bulu\u015fmak \u00fczere&#8221; dedi.<br \/><\/p>\n","protected":false},"excerpt":{"rendered":"<p>Ayd\u0131n\u2019\u0131n Buharkent il\u00e7esinde d\u00fczenlenen \u2019Kentin \u00c7ocuklar\u0131 Basketbol Turnuvas\u0131\u2019nda m\u00fccadele eden minikler, \u015fampiyonluk i\u00e7in ter d\u00f6kerken, turnuvan\u0131n final heyecan\u0131n\u0131n ard\u0131ndan kazanan tak\u0131mlar belli oldu. Buharkent Belediyesi koordinesinde bu y\u0131l 18.\u2019si d\u00fczenlenecek olan Geleneksel Taze \u0130ncir Festivali i\u00e7in geri say\u0131m ba\u015flad\u0131. Festival kapsam\u0131nda haz\u0131rlanan etkinlik ve turnuvalar da ba\u015fvurular\u0131n tamamlanmas\u0131n\u0131n ard\u0131ndan ba\u015flarken, \u00e7ocuklar\u0131n sporla i\u00e7 i\u00e7e b\u00fcy\u00fcmesi&#8230;<\/p>\n","protected":false},"author":1,"featured_media":46346,"comment_status":"open","ping_status":"open","sticky":false,"template":"","format":"standard","meta":{"_crdt_document":"","footnotes":""},"categories":[4],"tags":[],"class_list":["post-46345","post","type-post","status-publish","format-standard","has-post-thumbnail","hentry","category-spor"],"_links":{"self":[{"href":"https:\/\/www.egemtv.com\/index.php?rest_route=\/wp\/v2\/posts\/46345","targetHints":{"allow":["GET"]}}],"collection":[{"href":"https:\/\/www.egemtv.com\/index.php?rest_route=\/wp\/v2\/posts"}],"about":[{"href":"https:\/\/www.egemtv.com\/index.php?rest_route=\/wp\/v2\/types\/post"}],"author":[{"embeddable":true,"href":"https:\/\/www.egemtv.com\/index.php?rest_route=\/wp\/v2\/users\/1"}],"replies":[{"embeddable":true,"href":"https:\/\/www.egemtv.com\/index.php?rest_route=%2Fwp%2Fv2%2Fcomments&post=46345"}],"version-history":[{"count":1,"href":"https:\/\/www.egemtv.com\/index.php?rest_route=\/wp\/v2\/posts\/46345\/revisions"}],"predecessor-version":[{"id":46347,"href":"https:\/\/www.egemtv.com\/index.php?rest_route=\/wp\/v2\/posts\/46345\/revisions\/46347"}],"wp:featuredmedia":[{"embeddable":true,"href":"https:\/\/www.egemtv.com\/index.php?rest_route=\/wp\/v2\/media\/46346"}],"wp:attachment":[{"href":"https:\/\/www.egemtv.com\/index.php?rest_route=%2Fwp%2Fv2%2Fmedia&parent=46345"}],"wp:term":[{"taxonomy":"category","embeddable":true,"href":"https:\/\/www.egemtv.com\/index.php?rest_route=%2Fwp%2Fv2%2Fcategories&post=46345"},{"taxonomy":"post_tag","embeddable":true,"href":"https:\/\/www.egemtv.com\/index.php?rest_route=%2Fwp%2Fv2%2Ftags&post=46345"}],"curies":[{"name":"wp","href":"https:\/\/api.w.org\/{rel}","templated":true}]}}