{"id":46342,"date":"2025-08-02T12:54:56","date_gmt":"2025-08-02T09:54:56","guid":{"rendered":"https:\/\/www.egemtv.com\/?p=46342"},"modified":"2025-08-02T12:54:57","modified_gmt":"2025-08-02T09:54:57","slug":"tavsanli-genc-yurdu-yenilenen-tesislerini-acti","status":"publish","type":"post","link":"https:\/\/www.egemtv.com\/?p=46342","title":{"rendered":"Tav\u015fanl\u0131 Gen\u00e7 Yurdu yenilenen tesislerini a\u00e7t\u0131"},"content":{"rendered":"<p>K\u00fctahya\u2019n\u0131n Tav\u015fanl\u0131 il\u00e7esinde 100 y\u0131ll\u0131k k\u00f6kl\u00fc \u00e7\u0131narlar\u0131ndan Gen\u00e7 Yurdu Spor Kul\u00fcb\u00fc\u2019n\u00fcn Karakova\u2019daki hal\u0131 saha ve antreman sahas\u0131n\u0131n a\u00e7\u0131l\u0131\u015f\u0131 geni\u015f bir kat\u0131l\u0131mla ger\u00e7ekle\u015ftirildi.<br \/>\n<br \/>Kul\u00fcp ba\u015fkan\u0131 Fikret \u00c7ardak, misafirleriyle yak\u0131ndan ilgilenerek programa kat\u0131lanlara te\u015fekk\u00fcr etti. Programa K\u00fctahya Milletvekili Mehmet Demir, AK Parti \u0130l\u00e7e Ba\u015fkan\u0131 Himmet \u00d6zer, MHP \u0130l\u00e7e Ba\u015fkan\u0131 K\u00fcr\u015fat \u00d6zta\u015f, Belediye Ba\u015fkan Yard\u0131mc\u0131lar\u0131 Aziz Solmaz ve Mehmet Ali Akar, kul\u00fcb\u00fcn eski ba\u015fkan ile y\u00f6neticileri, spor kul\u00fcplerinin ba\u015fkan ve futbol antren\u00f6rleri kat\u0131ld\u0131.<br \/>\n<br \/>Ye\u015fil sahada konu\u015fma yapan K\u00fctahya Milletvekili Mehmet Demir, 100. Ya\u015f\u0131n\u0131 kutlayan Gen\u00e7lik camias\u0131n\u0131n Tav\u015fanl\u0131 sporunda \u00e7ok \u00f6nemli bir yere sahip oldu\u011funu kaydetti. Demir; &#8220;Tav\u015fanl\u0131\u2019n\u0131n g\u00fczide kul\u00fcplerinden biri olan ve bizimde gen\u00e7li\u011fimizin ge\u00e7ti\u011fi Tav\u015fanl\u0131 Gen\u00e7 Yurdu\u2019nun ad\u0131na ve 100 y\u0131l\u0131na yak\u0131\u015fan bir tesisi a\u00e7\u0131yoruz. Tav\u015fanl\u0131 gen\u00e7li\u011fine hay\u0131rl\u0131 olsun. Nice 100 y\u0131llara diyelim ve ba\u015far\u0131larla dolu, p\u0131r\u0131l p\u0131r\u0131l gen\u00e7lerin yeti\u015ftirilmesine vesile olsun diyelim. Kul\u00fcp ba\u015fkan\u0131m\u0131za ve camiam\u0131za te\u015fekk\u00fcr ediyorum&#8221; dedi.<br \/>\n<br \/>Kul\u00fcp Ba\u015fkan\u0131 Fikret \u00c7ardak da; &#8220;Buralar\u0131n yenilenmesinde Milletvekilimiz Mehmet Demir\u2019in eme\u011fi b\u00fcy\u00fckt\u00fcr. Kendileri olmadan a\u00e7\u0131l\u0131\u015f yapamad\u0131k. K\u0131smet bug\u00fcneymi\u015f. Camiam ve spor severler ad\u0131na kendisine te\u015fekk\u00fcr ediyorum&#8221; diye konu\u015ftu.<br \/><\/p>\n","protected":false},"excerpt":{"rendered":"<p>K\u00fctahya\u2019n\u0131n Tav\u015fanl\u0131 il\u00e7esinde 100 y\u0131ll\u0131k k\u00f6kl\u00fc \u00e7\u0131narlar\u0131ndan Gen\u00e7 Yurdu Spor Kul\u00fcb\u00fc\u2019n\u00fcn Karakova\u2019daki hal\u0131 saha ve antreman sahas\u0131n\u0131n a\u00e7\u0131l\u0131\u015f\u0131 geni\u015f bir kat\u0131l\u0131mla ger\u00e7ekle\u015ftirildi. Kul\u00fcp ba\u015fkan\u0131 Fikret \u00c7ardak, misafirleriyle yak\u0131ndan ilgilenerek programa kat\u0131lanlara te\u015fekk\u00fcr etti. Programa K\u00fctahya Milletvekili Mehmet Demir, AK Parti \u0130l\u00e7e Ba\u015fkan\u0131 Himmet \u00d6zer, MHP \u0130l\u00e7e Ba\u015fkan\u0131 K\u00fcr\u015fat \u00d6zta\u015f, Belediye Ba\u015fkan Yard\u0131mc\u0131lar\u0131 Aziz Solmaz ve&#8230;<\/p>\n","protected":false},"author":1,"featured_media":46343,"comment_status":"open","ping_status":"open","sticky":false,"template":"","format":"standard","meta":{"_crdt_document":"","footnotes":""},"categories":[4],"tags":[],"class_list":["post-46342","post","type-post","status-publish","format-standard","has-post-thumbnail","hentry","category-spor"],"_links":{"self":[{"href":"https:\/\/www.egemtv.com\/index.php?rest_route=\/wp\/v2\/posts\/46342","targetHints":{"allow":["GET"]}}],"collection":[{"href":"https:\/\/www.egemtv.com\/index.php?rest_route=\/wp\/v2\/posts"}],"about":[{"href":"https:\/\/www.egemtv.com\/index.php?rest_route=\/wp\/v2\/types\/post"}],"author":[{"embeddable":true,"href":"https:\/\/www.egemtv.com\/index.php?rest_route=\/wp\/v2\/users\/1"}],"replies":[{"embeddable":true,"href":"https:\/\/www.egemtv.com\/index.php?rest_route=%2Fwp%2Fv2%2Fcomments&post=46342"}],"version-history":[{"count":1,"href":"https:\/\/www.egemtv.com\/index.php?rest_route=\/wp\/v2\/posts\/46342\/revisions"}],"predecessor-version":[{"id":46344,"href":"https:\/\/www.egemtv.com\/index.php?rest_route=\/wp\/v2\/posts\/46342\/revisions\/46344"}],"wp:featuredmedia":[{"embeddable":true,"href":"https:\/\/www.egemtv.com\/index.php?rest_route=\/wp\/v2\/media\/46343"}],"wp:attachment":[{"href":"https:\/\/www.egemtv.com\/index.php?rest_route=%2Fwp%2Fv2%2Fmedia&parent=46342"}],"wp:term":[{"taxonomy":"category","embeddable":true,"href":"https:\/\/www.egemtv.com\/index.php?rest_route=%2Fwp%2Fv2%2Fcategories&post=46342"},{"taxonomy":"post_tag","embeddable":true,"href":"https:\/\/www.egemtv.com\/index.php?rest_route=%2Fwp%2Fv2%2Ftags&post=46342"}],"curies":[{"name":"wp","href":"https:\/\/api.w.org\/{rel}","templated":true}]}}