{"id":46339,"date":"2025-08-02T12:35:40","date_gmt":"2025-08-02T09:35:40","guid":{"rendered":"https:\/\/www.egemtv.com\/?p=46339"},"modified":"2025-08-02T12:35:41","modified_gmt":"2025-08-02T09:35:41","slug":"muglada-550-kisilik-nostalji-dolu-gece","status":"publish","type":"post","link":"https:\/\/www.egemtv.com\/?p=46339","title":{"rendered":"Mu\u011fla\u2019da 550 ki\u015filik nostalji dolu gece"},"content":{"rendered":"<p>Mu\u011fla Gen\u00e7lik ve Spor \u0130l M\u00fcd\u00fcrl\u00fc\u011f\u00fc b\u00fcnyesinde faaliyetlerini s\u00fcrd\u00fcren Uluslararas\u0131 Gen\u00e7lik Merkezi, yaz ak\u015famlar\u0131n\u0131n vazge\u00e7ilmez etkinli\u011fi olan a\u00e7\u0131k hava sinema g\u00f6sterimlerini bu y\u0131l da g\u00f6n\u00fcll\u00fc gen\u00e7ler ve aileleriyle bulu\u015fturdu. Serin yaz gecelerinde y\u0131ld\u0131zlar\u0131n alt\u0131nda d\u00fczenlenen sinema keyfi, nostalji ve e\u011flenceyi bir araya getirdi.<\/p>\n<p>Gen\u00e7lik ve Spor Bakanl\u0131\u011f\u0131\u2019n\u0131n deste\u011fiyle hayata ge\u00e7irilen etkinlik, 550 ki\u015finin kat\u0131l\u0131m\u0131yla b\u00fcy\u00fck ilgi g\u00f6rd\u00fc. Kat\u0131l\u0131mc\u0131lara m\u0131s\u0131r, \u00e7ay, limonata ve gazoz ikram edilerek, ge\u00e7mi\u015fin yazl\u0131k sinema k\u00fclt\u00fcr\u00fc ya\u015fat\u0131ld\u0131. Etkinli\u011fe aileleriyle birlikte kat\u0131lan g\u00f6n\u00fcll\u00fc gen\u00e7ler, yaz aylar\u0131nda sosyal ve k\u00fclt\u00fcrel faaliyetlerin \u00f6nemine dikkat \u00e7ekerken, bu t\u00fcr organizasyonlar i\u00e7in Gen\u00e7lik ve Spor Bakanl\u0131\u011f\u0131\u2019na te\u015fekk\u00fcrlerini ilettiler.<\/p>\n<p>G\u00f6n\u00fcll\u00fc gen\u00e7lerden S\u00fcmeyye G\u00fcl Ayd\u0131n; &#8220;Yazl\u0131k sinema etkinli\u011finde olmaktan \u00e7ok mutlu oldum. Arkada\u015flar\u0131mla birlikte kat\u0131l\u0131m sa\u011flad\u0131k. Babam eskiden hep anlat\u0131rd\u0131 yazl\u0131k sinema g\u00fcnlerini. Bug\u00fcn o eski nostaljik g\u00fcn\u00fc ya\u015famak beni ger\u00e7ekten heyecanland\u0131rd\u0131. Bakanl\u0131\u011f\u0131m\u0131za ve eme\u011fi ge\u00e7en t\u00fcm ekibe bu t\u00fcr faaliyetler i\u00e7in te\u015fekk\u00fcr ederim &#8220;diyerek duygular\u0131n\u0131 dile getirdi.<br \/><\/p>\n","protected":false},"excerpt":{"rendered":"<p>Mu\u011fla Gen\u00e7lik ve Spor \u0130l M\u00fcd\u00fcrl\u00fc\u011f\u00fc b\u00fcnyesinde faaliyetlerini s\u00fcrd\u00fcren Uluslararas\u0131 Gen\u00e7lik Merkezi, yaz ak\u015famlar\u0131n\u0131n vazge\u00e7ilmez etkinli\u011fi olan a\u00e7\u0131k hava sinema g\u00f6sterimlerini bu y\u0131l da g\u00f6n\u00fcll\u00fc gen\u00e7ler ve aileleriyle bulu\u015fturdu. Serin yaz gecelerinde y\u0131ld\u0131zlar\u0131n alt\u0131nda d\u00fczenlenen sinema keyfi, nostalji ve e\u011flenceyi bir araya getirdi. Gen\u00e7lik ve Spor Bakanl\u0131\u011f\u0131\u2019n\u0131n deste\u011fiyle hayata ge\u00e7irilen etkinlik, 550 ki\u015finin kat\u0131l\u0131m\u0131yla b\u00fcy\u00fck&#8230;<\/p>\n","protected":false},"author":1,"featured_media":46340,"comment_status":"open","ping_status":"open","sticky":false,"template":"","format":"standard","meta":{"_crdt_document":"","footnotes":""},"categories":[1],"tags":[],"class_list":["post-46339","post","type-post","status-publish","format-standard","has-post-thumbnail","hentry","category-guncel"],"_links":{"self":[{"href":"https:\/\/www.egemtv.com\/index.php?rest_route=\/wp\/v2\/posts\/46339","targetHints":{"allow":["GET"]}}],"collection":[{"href":"https:\/\/www.egemtv.com\/index.php?rest_route=\/wp\/v2\/posts"}],"about":[{"href":"https:\/\/www.egemtv.com\/index.php?rest_route=\/wp\/v2\/types\/post"}],"author":[{"embeddable":true,"href":"https:\/\/www.egemtv.com\/index.php?rest_route=\/wp\/v2\/users\/1"}],"replies":[{"embeddable":true,"href":"https:\/\/www.egemtv.com\/index.php?rest_route=%2Fwp%2Fv2%2Fcomments&post=46339"}],"version-history":[{"count":1,"href":"https:\/\/www.egemtv.com\/index.php?rest_route=\/wp\/v2\/posts\/46339\/revisions"}],"predecessor-version":[{"id":46341,"href":"https:\/\/www.egemtv.com\/index.php?rest_route=\/wp\/v2\/posts\/46339\/revisions\/46341"}],"wp:featuredmedia":[{"embeddable":true,"href":"https:\/\/www.egemtv.com\/index.php?rest_route=\/wp\/v2\/media\/46340"}],"wp:attachment":[{"href":"https:\/\/www.egemtv.com\/index.php?rest_route=%2Fwp%2Fv2%2Fmedia&parent=46339"}],"wp:term":[{"taxonomy":"category","embeddable":true,"href":"https:\/\/www.egemtv.com\/index.php?rest_route=%2Fwp%2Fv2%2Fcategories&post=46339"},{"taxonomy":"post_tag","embeddable":true,"href":"https:\/\/www.egemtv.com\/index.php?rest_route=%2Fwp%2Fv2%2Ftags&post=46339"}],"curies":[{"name":"wp","href":"https:\/\/api.w.org\/{rel}","templated":true}]}}