{"id":46336,"date":"2025-08-02T12:14:48","date_gmt":"2025-08-02T09:14:48","guid":{"rendered":"https:\/\/www.egemtv.com\/?p=46336"},"modified":"2025-08-02T12:14:48","modified_gmt":"2025-08-02T09:14:48","slug":"kusadasinda-ilk-yavrular-surpriz-yuvadan-cikti","status":"publish","type":"post","link":"https:\/\/www.egemtv.com\/?p=46336","title":{"rendered":"Ku\u015fadas\u0131\u2019nda ilk yavrular s\u00fcrpriz yuvadan \u00e7\u0131kt\u0131"},"content":{"rendered":"<p>Ku\u015fadas\u0131\u2019n\u0131n tek sulak alan\u0131 olan Kocag\u00f6l kumsal\u0131nda, kimsenin fark etmedi\u011fi gizli bir yuvadan caretta caretta yavrular\u0131 d\u00fcnyaya geldi. Haziran ay\u0131n\u0131n ilk haftas\u0131nda yumurtlad\u0131\u011f\u0131 tahmin edilen anne deniz kaplumba\u011fas\u0131, kimseye g\u00f6r\u00fcnmeden yuvas\u0131n\u0131 yap\u0131p denize d\u00f6nd\u00fc. Bu durum, yavrular kumdan \u00e7\u0131kmaya ba\u015flad\u0131\u011f\u0131nda ortaya \u00e7\u0131kt\u0131.<br \/>\n<br \/>Turistik i\u015fletmelerin bulundu\u011fu b\u00f6lgede, yapay \u0131\u015f\u0131klara y\u00f6nelen yavrular\u0131 y\u00fcr\u00fcy\u00fc\u015fe \u00e7\u0131kan Mehmet Kaya ve arkada\u015flar\u0131 fark etti. Ekosistemi Koruma ve Do\u011fa Sevenler Derne\u011fi\u2019ni (EKODOSD) arayarak yard\u0131m isteyen Kaya\u2019ya, yavrular\u0131n do\u011fru \u015fekilde denize ula\u015ft\u0131r\u0131lmas\u0131 i\u00e7in bilgi verildi. O s\u0131rada kumsalda bulunan vatanda\u015flarla birlikte hareket eden ekip, y\u00fcr\u00fcy\u00fc\u015f yoluna \u00e7\u0131kan yavrular\u0131 toplayarak denize y\u00f6nlendirdi. EKODOSD yetkililerinin b\u00f6lgeye ula\u015ft\u0131\u011f\u0131nda izlerin b\u00fcy\u00fck oranda kayboldu\u011fu g\u00f6r\u00fcld\u00fc. Sabah saatlerinde yap\u0131lan detayl\u0131 arama sonucunda yuvaya ula\u015f\u0131ld\u0131. Yuvada yap\u0131lan incelemelerde 45 yavrunun denize ula\u015ft\u0131\u011f\u0131, 32 yumurtan\u0131n ise bozuk oldu\u011fu tespit edildi. Ayn\u0131 gece S\u00f6ke Sahil Sitesi\u2019nde bir ba\u015fka olay ya\u015fand\u0131. Arkada\u015flar\u0131yla birlikte sahilde oturan Ye\u015fim Uncu, denizden \u00e7\u0131kan bir caretta carettan\u0131n kumsalda yuva kazmaya ba\u015flad\u0131\u011f\u0131n\u0131 fark etti. EKODOSD\u2019a yap\u0131lan ihbar \u00fczerine gerekli y\u00f6nlendirmeler yap\u0131ld\u0131. Sabah yap\u0131lan kontrollerde yuva tespit edilerek koruma alt\u0131na al\u0131nd\u0131. Bu yuvadan yavrular\u0131n Eyl\u00fcl ortas\u0131nda \u00e7\u0131kmas\u0131 bekleniyor.<br \/>\n<br \/>\u015eu anda Ku\u015fadas\u0131 sahillerinde biri yavrular\u0131n\u0131 vermi\u015f toplam 6 caretta yuvas\u0131 bulundu\u011fu belirten EKODOSD Ba\u015fkan\u0131 Bahattin S\u00fcr\u00fcc\u00fc; &#8220;Ku\u015fadas\u0131\u2019n\u0131n tek sulak alan\u0131 Kocag\u00f6l kumsal\u0131nda Haziran ay\u0131n\u0131n ilk haftas\u0131nda yumurta b\u0131rakt\u0131\u011f\u0131n\u0131 d\u00fc\u015f\u00fcnd\u00fc\u011f\u00fcm\u00fcz caretta carettay\u0131 hi\u00e7 kimse g\u00f6rmemi\u015f. Yumurta b\u0131rakt\u0131ktan sonra yuvay\u0131 \u00f6rterek denize giden kaplumba\u011fadan kimsenin haberi olmad\u0131\u011f\u0131ndan, zaman\u0131 geldi\u011finde yavrular kumdan d\u0131\u015far\u0131 \u00e7\u0131km\u0131\u015f. Ancak b\u00f6lgede turistik i\u015fletmeler oldu\u011fundan \u0131\u015f\u0131klara do\u011fru y\u00f6nelmi\u015fler. O s\u0131rada y\u00fcr\u00fcy\u00fc\u015fe \u00e7\u0131kan Mehmet Kaya ve arkada\u015flar\u0131 taraf\u0131ndan kumun \u00fczerinde hareket halinde bir\u00e7ok caretta caretta yavrusu fark edilmi\u015f. Bizi arayan Mehmet Kaya\u2019ya ne yapmas\u0131 konusunda bilgi verdik. O s\u0131rada kumsalda bulunan di\u011fer site sakinleriyle birlikte y\u00fcr\u00fcy\u00fc\u015f yolundan toplanan yavrular\u0131n denize yak\u0131n bir alandan suya ula\u015ft\u0131r\u0131lmas\u0131n\u0131 s\u00f6yledik. Geldi\u011fimizde yakla\u015f\u0131k 100 metrelik bir alana da\u011f\u0131lan yavrular\u0131 bulmak i\u00e7in bir\u00e7ok insan kumsalda y\u00fcr\u00fcd\u00fc\u011f\u00fcnden izlerin kaybolmu\u015f oldu\u011funu g\u00f6rd\u00fck. Sabah tekrar alana gelip geni\u015f bir \u015fekilde tarama yapt\u0131k. Uzunca bir s\u00fcre sonra yuvay\u0131 bulduk. Yap\u0131lan yuva kontrol\u00fcnde 45 adet yavrunun denize ula\u015ft\u0131\u011f\u0131, 32 adet yumurtan\u0131n ise bozuk ve yavru olu\u015fmam\u0131\u015f yumurta oldu\u011fu tespit edildi. Ayn\u0131 gece Ku\u015fadas\u0131, S\u00f6ke Sahil sitesinin kumsal\u0131nda arkada\u015flar\u0131yla oturan Ye\u015fim Uncu taraf\u0131ndan, yanlar\u0131na denizden bir C.caretta \u00e7\u0131kt\u0131\u011f\u0131 ve kumlara kazmaya ba\u015flad\u0131\u011f\u0131 ihbar\u0131 geldi. Kendilerine ne yapmalar\u0131 konusunda bilgi verildi. Sabah yap\u0131lan kontrollerde yuva yeri tespit edilerek koruma alt\u0131na al\u0131nd\u0131. Bu yuvadan da Eyl\u00fcl ay\u0131 ortalar\u0131nda yavrular\u0131n \u00e7\u0131kmas\u0131 bekleniyor. \u015eu anda Ku\u015fadas\u0131 kumsallar\u0131nda birinin yavrular\u0131 \u00e7\u0131km\u0131\u015f olarak 6 adet C.caretta yuvas\u0131 bulunmaktad\u0131r. Ku\u015fadas\u0131 &#8211; Milli Park aras\u0131nda \u00e7ok uzun bir sahil \u015feridi olan kumsallarda gece-g\u00fcnd\u00fcz binlerce insan dola\u015ft\u0131\u011f\u0131ndan iz takibi yapmak \u00e7ok zor olmaktad\u0131r. Vatanda\u015flar kaplumba\u011fay\u0131 g\u00f6rd\u00fcklerinde ihbar ederek yuva yeri tespit edilmektedir. Bazen de s\u00fcrpriz yuvalardan yavrular \u00e7\u0131kt\u0131\u011f\u0131nda anla\u015f\u0131lmaktad\u0131r. Bu gibi durumlarda vatanda\u015flar\u0131n alandaki hareketleri dikkatle izleyip, konumlar\u0131n\u0131 bildirmeleri \u00e7ok \u00f6nemlidir&#8221; dedi.<br \/><\/p>\n","protected":false},"excerpt":{"rendered":"<p>Ku\u015fadas\u0131\u2019n\u0131n tek sulak alan\u0131 olan Kocag\u00f6l kumsal\u0131nda, kimsenin fark etmedi\u011fi gizli bir yuvadan caretta caretta yavrular\u0131 d\u00fcnyaya geldi. Haziran ay\u0131n\u0131n ilk haftas\u0131nda yumurtlad\u0131\u011f\u0131 tahmin edilen anne deniz kaplumba\u011fas\u0131, kimseye g\u00f6r\u00fcnmeden yuvas\u0131n\u0131 yap\u0131p denize d\u00f6nd\u00fc. Bu durum, yavrular kumdan \u00e7\u0131kmaya ba\u015flad\u0131\u011f\u0131nda ortaya \u00e7\u0131kt\u0131. Turistik i\u015fletmelerin bulundu\u011fu b\u00f6lgede, yapay \u0131\u015f\u0131klara y\u00f6nelen yavrular\u0131 y\u00fcr\u00fcy\u00fc\u015fe \u00e7\u0131kan Mehmet Kaya ve&#8230;<\/p>\n","protected":false},"author":1,"featured_media":46337,"comment_status":"open","ping_status":"open","sticky":false,"template":"","format":"standard","meta":{"_crdt_document":"","footnotes":""},"categories":[1],"tags":[],"class_list":["post-46336","post","type-post","status-publish","format-standard","has-post-thumbnail","hentry","category-guncel"],"_links":{"self":[{"href":"https:\/\/www.egemtv.com\/index.php?rest_route=\/wp\/v2\/posts\/46336","targetHints":{"allow":["GET"]}}],"collection":[{"href":"https:\/\/www.egemtv.com\/index.php?rest_route=\/wp\/v2\/posts"}],"about":[{"href":"https:\/\/www.egemtv.com\/index.php?rest_route=\/wp\/v2\/types\/post"}],"author":[{"embeddable":true,"href":"https:\/\/www.egemtv.com\/index.php?rest_route=\/wp\/v2\/users\/1"}],"replies":[{"embeddable":true,"href":"https:\/\/www.egemtv.com\/index.php?rest_route=%2Fwp%2Fv2%2Fcomments&post=46336"}],"version-history":[{"count":1,"href":"https:\/\/www.egemtv.com\/index.php?rest_route=\/wp\/v2\/posts\/46336\/revisions"}],"predecessor-version":[{"id":46338,"href":"https:\/\/www.egemtv.com\/index.php?rest_route=\/wp\/v2\/posts\/46336\/revisions\/46338"}],"wp:featuredmedia":[{"embeddable":true,"href":"https:\/\/www.egemtv.com\/index.php?rest_route=\/wp\/v2\/media\/46337"}],"wp:attachment":[{"href":"https:\/\/www.egemtv.com\/index.php?rest_route=%2Fwp%2Fv2%2Fmedia&parent=46336"}],"wp:term":[{"taxonomy":"category","embeddable":true,"href":"https:\/\/www.egemtv.com\/index.php?rest_route=%2Fwp%2Fv2%2Fcategories&post=46336"},{"taxonomy":"post_tag","embeddable":true,"href":"https:\/\/www.egemtv.com\/index.php?rest_route=%2Fwp%2Fv2%2Ftags&post=46336"}],"curies":[{"name":"wp","href":"https:\/\/api.w.org\/{rel}","templated":true}]}}