{"id":46333,"date":"2025-08-02T12:14:47","date_gmt":"2025-08-02T09:14:47","guid":{"rendered":"https:\/\/www.egemtv.com\/?p=46333"},"modified":"2025-08-02T12:14:48","modified_gmt":"2025-08-02T09:14:48","slug":"kutahyada-kayikoy-guzelyurt-cavdarhisar-baglanti-yolu-hizmete-sunuldu","status":"publish","type":"post","link":"https:\/\/www.egemtv.com\/?p=46333","title":{"rendered":"K\u00fctahya\u2019da Kay\u0131k\u00f6y-G\u00fczelyurt-\u00c7avdarhisar ba\u011flant\u0131 yolu hizmete sunuldu"},"content":{"rendered":"<p>K\u00fctahya\u2019da Kay\u0131k\u00f6y-G\u00fczelyurt-\u00c7avdarhisar g\u00fczerg\u00e2h\u0131ndaki ba\u011flant\u0131 yolunun s\u0131cak asfaltla kaplanmas\u0131 tamamlanarak hizmete a\u00e7\u0131ld\u0131. A\u00e7\u0131l\u0131\u015f t\u00f6reni, K\u00fctahya Valisi Musa I\u015f\u0131n\u2019\u0131n kat\u0131l\u0131m\u0131yla ger\u00e7ekle\u015ftirildi.<br \/>\n<br \/>K\u00fctahya \u0130l \u00d6zel \u0130daresi taraf\u0131ndan y\u00fcr\u00fct\u00fclen \u00e7al\u0131\u015fmalar kapsam\u0131nda toplam 4 kilometrelik yol s\u0131cak asfaltla kapland\u0131. B\u00f6lge ula\u015f\u0131m\u0131 a\u00e7\u0131s\u0131ndan b\u00fcy\u00fck \u00f6nem ta\u015f\u0131yan yat\u0131r\u0131m\u0131n, hem altyap\u0131n\u0131n g\u00fc\u00e7lendirilmesine hem de ula\u015f\u0131m konforunun art\u0131r\u0131lmas\u0131na katk\u0131 sa\u011flamas\u0131 hedefleniyor.<br \/>\n<br \/>T\u00f6rende konu\u015fan Vali Musa I\u015f\u0131n, k\u00f6y yollar\u0131nda asfalt \u00e7al\u0131\u015fmalar\u0131n\u0131n kararl\u0131l\u0131kla s\u00fcrd\u00fcr\u00fcld\u00fc\u011f\u00fcn\u00fc belirterek \u015funlar\u0131 s\u00f6yledi:<br \/>\n<br \/>&#8220;Bug\u00fcn burada \u00f6nemli bir yat\u0131r\u0131m\u0131 daha hayata ge\u00e7irmenin mutlulu\u011funu ya\u015f\u0131yoruz. Bu y\u0131l \u0130l \u00d6zel \u0130daremiz eliyle toplam 50 kilometrelik s\u0131cak asfalt \u00e7al\u0131\u015fmas\u0131 planlad\u0131k. Hedefimiz, k\u00f6ylerimizin tamam\u0131n\u0131 s\u0131cak asfaltla bulu\u015fturmakt\u0131r. Kaplama asfalt uygulamas\u0131n\u0131 kald\u0131rd\u0131k, iki y\u0131ld\u0131r tamamen s\u0131cak asfalt \u00e7al\u0131\u015fmalar\u0131 ger\u00e7ekle\u015ftiriyoruz. K\u00f6y yollar\u0131m\u0131z\u0131n b\u00fcy\u00fck k\u0131sm\u0131 tamamland\u0131, kalan yollar\u0131 da k\u0131sa s\u00fcrede bitirmeyi planl\u0131yoruz.&#8221;<br \/>\n<br \/>Vali I\u015f\u0131n ayr\u0131ca i\u00e7me suyu yat\u0131r\u0131mlar\u0131na da \u00f6nem verdiklerini vurgulayarak, \u0130l \u00d6zel \u0130daresi b\u00fct\u00e7esinden yakla\u015f\u0131k 100 milyon TL\u2019nin bu alana ayr\u0131ld\u0131\u011f\u0131n\u0131 ifade etti. K\u00f6ylerde ya\u015fam standartlar\u0131n\u0131 \u015fehir d\u00fczeyine \u00e7\u0131karmay\u0131 hedeflediklerini belirten I\u015f\u0131n, \u00f6n\u00fcm\u00fczdeki y\u0131l i\u00e7in sosyal ya\u015fam alanlar\u0131 ve oyun parklar\u0131 gibi yeni projeler planlad\u0131klar\u0131n\u0131 da a\u00e7\u0131klad\u0131.<br \/>\n<br \/>T\u00f6rene; AK Parti K\u00fctahya Milletvekilleri \u0130smail \u00c7a\u011flar Bay\u0131rc\u0131 ve Mehmet Demir, Tav\u015fanl\u0131 Kaymakam\u0131 \u00d6mer Faruk \u00d6zdemir, \u0130l \u00d6zel \u0130daresi Genel Sekreteri M\u00fccahit Eracar, muhtarlar ve protokol \u00fcyeleri kat\u0131ld\u0131.<br \/><\/p>\n","protected":false},"excerpt":{"rendered":"<p>K\u00fctahya\u2019da Kay\u0131k\u00f6y-G\u00fczelyurt-\u00c7avdarhisar g\u00fczerg\u00e2h\u0131ndaki ba\u011flant\u0131 yolunun s\u0131cak asfaltla kaplanmas\u0131 tamamlanarak hizmete a\u00e7\u0131ld\u0131. A\u00e7\u0131l\u0131\u015f t\u00f6reni, K\u00fctahya Valisi Musa I\u015f\u0131n\u2019\u0131n kat\u0131l\u0131m\u0131yla ger\u00e7ekle\u015ftirildi. K\u00fctahya \u0130l \u00d6zel \u0130daresi taraf\u0131ndan y\u00fcr\u00fct\u00fclen \u00e7al\u0131\u015fmalar kapsam\u0131nda toplam 4 kilometrelik yol s\u0131cak asfaltla kapland\u0131. B\u00f6lge ula\u015f\u0131m\u0131 a\u00e7\u0131s\u0131ndan b\u00fcy\u00fck \u00f6nem ta\u015f\u0131yan yat\u0131r\u0131m\u0131n, hem altyap\u0131n\u0131n g\u00fc\u00e7lendirilmesine hem de ula\u015f\u0131m konforunun art\u0131r\u0131lmas\u0131na katk\u0131 sa\u011flamas\u0131 hedefleniyor. T\u00f6rende konu\u015fan Vali&#8230;<\/p>\n","protected":false},"author":1,"featured_media":46334,"comment_status":"open","ping_status":"open","sticky":false,"template":"","format":"standard","meta":{"_crdt_document":"","footnotes":""},"categories":[1],"tags":[],"class_list":["post-46333","post","type-post","status-publish","format-standard","has-post-thumbnail","hentry","category-guncel"],"_links":{"self":[{"href":"https:\/\/www.egemtv.com\/index.php?rest_route=\/wp\/v2\/posts\/46333","targetHints":{"allow":["GET"]}}],"collection":[{"href":"https:\/\/www.egemtv.com\/index.php?rest_route=\/wp\/v2\/posts"}],"about":[{"href":"https:\/\/www.egemtv.com\/index.php?rest_route=\/wp\/v2\/types\/post"}],"author":[{"embeddable":true,"href":"https:\/\/www.egemtv.com\/index.php?rest_route=\/wp\/v2\/users\/1"}],"replies":[{"embeddable":true,"href":"https:\/\/www.egemtv.com\/index.php?rest_route=%2Fwp%2Fv2%2Fcomments&post=46333"}],"version-history":[{"count":1,"href":"https:\/\/www.egemtv.com\/index.php?rest_route=\/wp\/v2\/posts\/46333\/revisions"}],"predecessor-version":[{"id":46335,"href":"https:\/\/www.egemtv.com\/index.php?rest_route=\/wp\/v2\/posts\/46333\/revisions\/46335"}],"wp:featuredmedia":[{"embeddable":true,"href":"https:\/\/www.egemtv.com\/index.php?rest_route=\/wp\/v2\/media\/46334"}],"wp:attachment":[{"href":"https:\/\/www.egemtv.com\/index.php?rest_route=%2Fwp%2Fv2%2Fmedia&parent=46333"}],"wp:term":[{"taxonomy":"category","embeddable":true,"href":"https:\/\/www.egemtv.com\/index.php?rest_route=%2Fwp%2Fv2%2Fcategories&post=46333"},{"taxonomy":"post_tag","embeddable":true,"href":"https:\/\/www.egemtv.com\/index.php?rest_route=%2Fwp%2Fv2%2Ftags&post=46333"}],"curies":[{"name":"wp","href":"https:\/\/api.w.org\/{rel}","templated":true}]}}