{"id":46330,"date":"2025-08-02T12:14:46","date_gmt":"2025-08-02T09:14:46","guid":{"rendered":"https:\/\/www.egemtv.com\/?p=46330"},"modified":"2025-08-02T12:14:47","modified_gmt":"2025-08-02T09:14:47","slug":"tavsanlida-okullarda-yaz-donemi-onarimlari-suruyor","status":"publish","type":"post","link":"https:\/\/www.egemtv.com\/?p=46330","title":{"rendered":"Tav\u015fanl\u0131\u2019da okullarda yaz d\u00f6nemi onar\u0131mlar\u0131 s\u00fcr\u00fcyor"},"content":{"rendered":"<p>K\u00fctahya\u2019n\u0131n Tav\u015fanl\u0131 \u0130l\u00e7e Mill\u00ee E\u011fitim M\u00fcd\u00fcrl\u00fc\u011f\u00fc, 2025 yaz d\u00f6neminde ba\u015flatt\u0131\u011f\u0131 okul onar\u0131m \u00e7al\u0131\u015fmalar\u0131n\u0131 aral\u0131ks\u0131z s\u00fcrd\u00fcr\u00fcyor. \u0130l\u00e7ede 30\u2019a yak\u0131n okulda \u00e7at\u0131, \u0131slak zemin ve \u0131s\u0131nma sistemlerine y\u00f6nelik yenileme ve bak\u0131m i\u015flemleri ger\u00e7ekle\u015ftiriliyor.<br \/>\n<br \/>Tav\u015fanl\u0131 \u0130l\u00e7e Mill\u00ee E\u011fitim M\u00fcd\u00fcr\u00fc Ra\u015fit Refik K\u00fc\u00e7\u00fckka\u011fn\u0131c\u0131, yapt\u0131\u011f\u0131 a\u00e7\u0131klamada, &#8220;2025-2026 e\u011fitim \u00f6\u011fretim y\u0131l\u0131 ba\u015flamadan t\u00fcm bak\u0131m ve onar\u0131mlar\u0131m\u0131z\u0131 tamamlayarak \u00f6\u011frencilerimize daha g\u00fcvenli, sa\u011fl\u0131kl\u0131 ve konforlu bir e\u011fitim ortam\u0131 sunmay\u0131 hedefliyoruz&#8221; dedi.<br \/>\n<br \/>Okul binalar\u0131n\u0131n farkl\u0131 b\u00f6l\u00fcmlerinde devam eden \u00e7al\u0131\u015fmalar\u0131n, hem e\u011fitimde verimlili\u011fi art\u0131rmay\u0131 hem de uzun vadeli altyap\u0131 iyile\u015ftirmelerini hedefledi\u011fi belirtildi.<br \/><\/p>\n","protected":false},"excerpt":{"rendered":"<p>K\u00fctahya\u2019n\u0131n Tav\u015fanl\u0131 \u0130l\u00e7e Mill\u00ee E\u011fitim M\u00fcd\u00fcrl\u00fc\u011f\u00fc, 2025 yaz d\u00f6neminde ba\u015flatt\u0131\u011f\u0131 okul onar\u0131m \u00e7al\u0131\u015fmalar\u0131n\u0131 aral\u0131ks\u0131z s\u00fcrd\u00fcr\u00fcyor. \u0130l\u00e7ede 30\u2019a yak\u0131n okulda \u00e7at\u0131, \u0131slak zemin ve \u0131s\u0131nma sistemlerine y\u00f6nelik yenileme ve bak\u0131m i\u015flemleri ger\u00e7ekle\u015ftiriliyor. Tav\u015fanl\u0131 \u0130l\u00e7e Mill\u00ee E\u011fitim M\u00fcd\u00fcr\u00fc Ra\u015fit Refik K\u00fc\u00e7\u00fckka\u011fn\u0131c\u0131, yapt\u0131\u011f\u0131 a\u00e7\u0131klamada, &#8220;2025-2026 e\u011fitim \u00f6\u011fretim y\u0131l\u0131 ba\u015flamadan t\u00fcm bak\u0131m ve onar\u0131mlar\u0131m\u0131z\u0131 tamamlayarak \u00f6\u011frencilerimize daha g\u00fcvenli, sa\u011fl\u0131kl\u0131&#8230;<\/p>\n","protected":false},"author":1,"featured_media":46331,"comment_status":"open","ping_status":"open","sticky":false,"template":"","format":"standard","meta":{"_crdt_document":"","footnotes":""},"categories":[1],"tags":[],"class_list":["post-46330","post","type-post","status-publish","format-standard","has-post-thumbnail","hentry","category-guncel"],"_links":{"self":[{"href":"https:\/\/www.egemtv.com\/index.php?rest_route=\/wp\/v2\/posts\/46330","targetHints":{"allow":["GET"]}}],"collection":[{"href":"https:\/\/www.egemtv.com\/index.php?rest_route=\/wp\/v2\/posts"}],"about":[{"href":"https:\/\/www.egemtv.com\/index.php?rest_route=\/wp\/v2\/types\/post"}],"author":[{"embeddable":true,"href":"https:\/\/www.egemtv.com\/index.php?rest_route=\/wp\/v2\/users\/1"}],"replies":[{"embeddable":true,"href":"https:\/\/www.egemtv.com\/index.php?rest_route=%2Fwp%2Fv2%2Fcomments&post=46330"}],"version-history":[{"count":1,"href":"https:\/\/www.egemtv.com\/index.php?rest_route=\/wp\/v2\/posts\/46330\/revisions"}],"predecessor-version":[{"id":46332,"href":"https:\/\/www.egemtv.com\/index.php?rest_route=\/wp\/v2\/posts\/46330\/revisions\/46332"}],"wp:featuredmedia":[{"embeddable":true,"href":"https:\/\/www.egemtv.com\/index.php?rest_route=\/wp\/v2\/media\/46331"}],"wp:attachment":[{"href":"https:\/\/www.egemtv.com\/index.php?rest_route=%2Fwp%2Fv2%2Fmedia&parent=46330"}],"wp:term":[{"taxonomy":"category","embeddable":true,"href":"https:\/\/www.egemtv.com\/index.php?rest_route=%2Fwp%2Fv2%2Fcategories&post=46330"},{"taxonomy":"post_tag","embeddable":true,"href":"https:\/\/www.egemtv.com\/index.php?rest_route=%2Fwp%2Fv2%2Ftags&post=46330"}],"curies":[{"name":"wp","href":"https:\/\/api.w.org\/{rel}","templated":true}]}}