{"id":46327,"date":"2025-08-02T11:55:31","date_gmt":"2025-08-02T08:55:31","guid":{"rendered":"https:\/\/www.egemtv.com\/?p=46327"},"modified":"2025-08-02T11:55:32","modified_gmt":"2025-08-02T08:55:32","slug":"kocarlida-ilk-kulaclar-atildi","status":"publish","type":"post","link":"https:\/\/www.egemtv.com\/?p=46327","title":{"rendered":"Ko\u00e7arl\u0131\u2019da ilk kula\u00e7lar at\u0131ld\u0131"},"content":{"rendered":"<p>Ayd\u0131n\u2019\u0131n d\u00f6rt bir yan\u0131nda spor yat\u0131r\u0131mlar\u0131 y\u00fckselmeye devam ederken, Ko\u00e7arl\u0131 il\u00e7esinde yap\u0131lan Kapal\u0131 Y\u00fczme Havuzu kap\u0131lar\u0131n\u0131 a\u00e7t\u0131.<br \/>\n<br \/>Ayd\u0131n\u2019da Gen\u00e7lik ve Spor Bakanl\u0131\u011f\u0131\u2019n\u0131n destekleriyle sportif, sanatsal ve k\u00fclt\u00fcrel faaliyetlere imkan tan\u0131yan tesislerin yap\u0131m\u0131 ile ilgili \u00e7al\u0131\u015fmalar devam ediyor. Bu kapsamda Ko\u00e7arl\u0131 il\u00e7esinde yap\u0131m\u0131 tamamlanan gen\u00e7lik merkezinin ard\u0131ndan kapal\u0131 y\u00fczme havuzu da tamamlanarak kap\u0131lar\u0131n\u0131 a\u00e7t\u0131. Hizmete giren tesis, \u2018Y\u00fczme Bilmeyen Kalmas\u0131n\u2019 projesi kapsam\u0131nda d\u00fczenlenen ilk y\u00fczme e\u011fitimiyle birlikte faaliyete ge\u00e7ti. A\u00e7\u0131l\u0131\u015f\u0131yla birlikte y\u00fczlerce \u00e7ocu\u011fa y\u00fczme sporuyla tan\u0131\u015fma f\u0131rsat\u0131 sunan tesiste Ayd\u0131n Gen\u00e7lik ve Spor \u0130l M\u00fcd\u00fcrl\u00fc\u011f\u00fc koordinesinde ba\u015flat\u0131lan e\u011fitimler, uzman antren\u00f6rler e\u015fli\u011finde ger\u00e7ekle\u015ftiriliyor. \u00c7ocuklar\u0131n temel y\u00fczme becerilerini kazanmalar\u0131 ve suya g\u00fcvenle adapte olmalar\u0131 amac\u0131yla y\u00fcr\u00fct\u00fclen programlara yo\u011fun kat\u0131l\u0131m sa\u011fland\u0131. Konu ile ilgili Ayd\u0131n Gen\u00e7lik Spor \u0130l M\u00fcd\u00fcrl\u00fc\u011f\u00fc\u2019nden yap\u0131lan a\u00e7\u0131klamada &#8220;Ko\u00e7arl\u0131 il\u00e7emizde yap\u0131m\u0131 tamamlanan Kapal\u0131 Y\u00fczme Havuzumuz hizmete a\u00e7\u0131ld\u0131. Gen\u00e7 y\u00fcz\u00fcc\u00fclerimiz serin sularla bulu\u015farak havuzun keyfini doyas\u0131ya \u00e7\u0131kard\u0131&#8221; ifadeleri yer ald\u0131.<br \/><\/p>\n","protected":false},"excerpt":{"rendered":"<p>Ayd\u0131n\u2019\u0131n d\u00f6rt bir yan\u0131nda spor yat\u0131r\u0131mlar\u0131 y\u00fckselmeye devam ederken, Ko\u00e7arl\u0131 il\u00e7esinde yap\u0131lan Kapal\u0131 Y\u00fczme Havuzu kap\u0131lar\u0131n\u0131 a\u00e7t\u0131. Ayd\u0131n\u2019da Gen\u00e7lik ve Spor Bakanl\u0131\u011f\u0131\u2019n\u0131n destekleriyle sportif, sanatsal ve k\u00fclt\u00fcrel faaliyetlere imkan tan\u0131yan tesislerin yap\u0131m\u0131 ile ilgili \u00e7al\u0131\u015fmalar devam ediyor. Bu kapsamda Ko\u00e7arl\u0131 il\u00e7esinde yap\u0131m\u0131 tamamlanan gen\u00e7lik merkezinin ard\u0131ndan kapal\u0131 y\u00fczme havuzu da tamamlanarak kap\u0131lar\u0131n\u0131 a\u00e7t\u0131. Hizmete giren&#8230;<\/p>\n","protected":false},"author":1,"featured_media":46328,"comment_status":"open","ping_status":"open","sticky":false,"template":"","format":"standard","meta":{"_crdt_document":"","footnotes":""},"categories":[4],"tags":[],"class_list":["post-46327","post","type-post","status-publish","format-standard","has-post-thumbnail","hentry","category-spor"],"_links":{"self":[{"href":"https:\/\/www.egemtv.com\/index.php?rest_route=\/wp\/v2\/posts\/46327","targetHints":{"allow":["GET"]}}],"collection":[{"href":"https:\/\/www.egemtv.com\/index.php?rest_route=\/wp\/v2\/posts"}],"about":[{"href":"https:\/\/www.egemtv.com\/index.php?rest_route=\/wp\/v2\/types\/post"}],"author":[{"embeddable":true,"href":"https:\/\/www.egemtv.com\/index.php?rest_route=\/wp\/v2\/users\/1"}],"replies":[{"embeddable":true,"href":"https:\/\/www.egemtv.com\/index.php?rest_route=%2Fwp%2Fv2%2Fcomments&post=46327"}],"version-history":[{"count":1,"href":"https:\/\/www.egemtv.com\/index.php?rest_route=\/wp\/v2\/posts\/46327\/revisions"}],"predecessor-version":[{"id":46329,"href":"https:\/\/www.egemtv.com\/index.php?rest_route=\/wp\/v2\/posts\/46327\/revisions\/46329"}],"wp:featuredmedia":[{"embeddable":true,"href":"https:\/\/www.egemtv.com\/index.php?rest_route=\/wp\/v2\/media\/46328"}],"wp:attachment":[{"href":"https:\/\/www.egemtv.com\/index.php?rest_route=%2Fwp%2Fv2%2Fmedia&parent=46327"}],"wp:term":[{"taxonomy":"category","embeddable":true,"href":"https:\/\/www.egemtv.com\/index.php?rest_route=%2Fwp%2Fv2%2Fcategories&post=46327"},{"taxonomy":"post_tag","embeddable":true,"href":"https:\/\/www.egemtv.com\/index.php?rest_route=%2Fwp%2Fv2%2Ftags&post=46327"}],"curies":[{"name":"wp","href":"https:\/\/api.w.org\/{rel}","templated":true}]}}