{"id":46324,"date":"2025-08-02T11:35:28","date_gmt":"2025-08-02T08:35:28","guid":{"rendered":"https:\/\/www.egemtv.com\/?p=46324"},"modified":"2025-08-02T11:35:29","modified_gmt":"2025-08-02T08:35:29","slug":"yon-tabelasi-ve-park-halindeki-araca-carpan-otomobilde-3-kisi-yaralandi","status":"publish","type":"post","link":"https:\/\/www.egemtv.com\/?p=46324","title":{"rendered":"Y\u00f6n tabelas\u0131 ve park halindeki araca \u00e7arpan otomobilde 3 ki\u015fi yaraland\u0131"},"content":{"rendered":"<p>Afyonkarahisar\u2019da kontrolden \u00e7\u0131karak \u00f6nce h\u0131z tabelas\u0131na ard\u0131ndan park halindeki bir ba\u015fka otomobile \u00e7arpan ara\u00e7ta 3 ki\u015fi yaraland\u0131.<br \/>\n<br \/>Kaza, kent merkezi Cahar Dudayev Caddesi \u00fczerinde meydana geldi. Edinilen bilgilere g\u00f6re, R.T., y\u00f6netimindeki 03 DU 770 plakal\u0131 Tofa\u015f marka otomobil s\u00fcr\u00fcc\u00fcs\u00fcn\u00fcn hen\u00fcz belirlenemeyen bir sebepten \u00f6t\u00fcr\u00fc direksiyon hakimiyetini kaybetmesi sonucu kontrolden \u00e7\u0131kt\u0131. Savrulan ara\u00e7 \u00f6nce y\u00f6n tabelas\u0131na ard\u0131ndan yol kenar\u0131nda park halinde bulunan 03 RJ 856 plakal\u0131 otomobile \u00e7arpt\u0131. Kazada s\u00fcr\u00fcc\u00fc R.T., ile birlikte M.D. ve M.T.\u00dc., yaraland\u0131. Yaral\u0131lar kaza sonras\u0131 olay yerine gelen ekipler taraf\u0131ndan ara\u00e7ta \u00e7\u0131kar\u0131larak ambulanslarla hastanelere kald\u0131r\u0131ld\u0131.<br \/>\n<br \/>Kazan\u0131n ard\u0131ndan polis taraf\u0131ndan inceleme ba\u015flat\u0131ld\u0131.<br \/><\/p>\n","protected":false},"excerpt":{"rendered":"<p>Afyonkarahisar\u2019da kontrolden \u00e7\u0131karak \u00f6nce h\u0131z tabelas\u0131na ard\u0131ndan park halindeki bir ba\u015fka otomobile \u00e7arpan ara\u00e7ta 3 ki\u015fi yaraland\u0131. Kaza, kent merkezi Cahar Dudayev Caddesi \u00fczerinde meydana geldi. Edinilen bilgilere g\u00f6re, R.T., y\u00f6netimindeki 03 DU 770 plakal\u0131 Tofa\u015f marka otomobil s\u00fcr\u00fcc\u00fcs\u00fcn\u00fcn hen\u00fcz belirlenemeyen bir sebepten \u00f6t\u00fcr\u00fc direksiyon hakimiyetini kaybetmesi sonucu kontrolden \u00e7\u0131kt\u0131. Savrulan ara\u00e7 \u00f6nce y\u00f6n tabelas\u0131na&#8230;<\/p>\n","protected":false},"author":1,"featured_media":46325,"comment_status":"open","ping_status":"open","sticky":false,"template":"","format":"standard","meta":{"_crdt_document":"","footnotes":""},"categories":[5],"tags":[],"class_list":["post-46324","post","type-post","status-publish","format-standard","has-post-thumbnail","hentry","category-asayis"],"_links":{"self":[{"href":"https:\/\/www.egemtv.com\/index.php?rest_route=\/wp\/v2\/posts\/46324","targetHints":{"allow":["GET"]}}],"collection":[{"href":"https:\/\/www.egemtv.com\/index.php?rest_route=\/wp\/v2\/posts"}],"about":[{"href":"https:\/\/www.egemtv.com\/index.php?rest_route=\/wp\/v2\/types\/post"}],"author":[{"embeddable":true,"href":"https:\/\/www.egemtv.com\/index.php?rest_route=\/wp\/v2\/users\/1"}],"replies":[{"embeddable":true,"href":"https:\/\/www.egemtv.com\/index.php?rest_route=%2Fwp%2Fv2%2Fcomments&post=46324"}],"version-history":[{"count":1,"href":"https:\/\/www.egemtv.com\/index.php?rest_route=\/wp\/v2\/posts\/46324\/revisions"}],"predecessor-version":[{"id":46326,"href":"https:\/\/www.egemtv.com\/index.php?rest_route=\/wp\/v2\/posts\/46324\/revisions\/46326"}],"wp:featuredmedia":[{"embeddable":true,"href":"https:\/\/www.egemtv.com\/index.php?rest_route=\/wp\/v2\/media\/46325"}],"wp:attachment":[{"href":"https:\/\/www.egemtv.com\/index.php?rest_route=%2Fwp%2Fv2%2Fmedia&parent=46324"}],"wp:term":[{"taxonomy":"category","embeddable":true,"href":"https:\/\/www.egemtv.com\/index.php?rest_route=%2Fwp%2Fv2%2Fcategories&post=46324"},{"taxonomy":"post_tag","embeddable":true,"href":"https:\/\/www.egemtv.com\/index.php?rest_route=%2Fwp%2Fv2%2Ftags&post=46324"}],"curies":[{"name":"wp","href":"https:\/\/api.w.org\/{rel}","templated":true}]}}