{"id":46318,"date":"2025-08-02T11:35:26","date_gmt":"2025-08-02T08:35:26","guid":{"rendered":"https:\/\/www.egemtv.com\/?p=46318"},"modified":"2025-08-02T11:35:27","modified_gmt":"2025-08-02T08:35:27","slug":"datca-aciklarinda-17-duzensiz-gocmen-kurtarildi","status":"publish","type":"post","link":"https:\/\/www.egemtv.com\/?p=46318","title":{"rendered":"Dat\u00e7a a\u00e7\u0131klar\u0131nda 17 d\u00fczensiz g\u00f6\u00e7men kurtar\u0131ld\u0131"},"content":{"rendered":"<p>Mu\u011fla\u2019n\u0131n Dat\u00e7a il\u00e7esi a\u00e7\u0131klar\u0131nda yasa d\u0131\u015f\u0131 yollardan Yunanistan\u2019a gitmeye \u00e7al\u0131\u015fan d\u00fczensiz g\u00f6\u00e7menlerin bindi\u011fi fiber tekne ar\u0131zalan\u0131nca Sahil G\u00fcvenlikten yard\u0131m istediler.<br \/>\n<br \/>Dat\u00e7a il\u00e7esi a\u00e7\u0131klar\u0131nda i\u00e7erisinde d\u00fczensiz g\u00f6\u00e7menlerin oldu\u011fu fiber teknenin motor ar\u0131zas\u0131 nedeniyle s\u00fcr\u00fcklendi\u011fi ve yard\u0131m talebinde bulunuldu\u011fu bilgisinin al\u0131nmas\u0131 \u00fczerine g\u00f6revlendirilen Sahil G\u00fcvenlik Botu taraf\u0131ndan fiber tekne i\u00e7erisindeki 17 d\u00fczensiz g\u00f6\u00e7men kurtar\u0131ld\u0131.<br \/><\/p>\n","protected":false},"excerpt":{"rendered":"<p>Mu\u011fla\u2019n\u0131n Dat\u00e7a il\u00e7esi a\u00e7\u0131klar\u0131nda yasa d\u0131\u015f\u0131 yollardan Yunanistan\u2019a gitmeye \u00e7al\u0131\u015fan d\u00fczensiz g\u00f6\u00e7menlerin bindi\u011fi fiber tekne ar\u0131zalan\u0131nca Sahil G\u00fcvenlikten yard\u0131m istediler. Dat\u00e7a il\u00e7esi a\u00e7\u0131klar\u0131nda i\u00e7erisinde d\u00fczensiz g\u00f6\u00e7menlerin oldu\u011fu fiber teknenin motor ar\u0131zas\u0131 nedeniyle s\u00fcr\u00fcklendi\u011fi ve yard\u0131m talebinde bulunuldu\u011fu bilgisinin al\u0131nmas\u0131 \u00fczerine g\u00f6revlendirilen Sahil G\u00fcvenlik Botu taraf\u0131ndan fiber tekne i\u00e7erisindeki 17 d\u00fczensiz g\u00f6\u00e7men kurtar\u0131ld\u0131.<\/p>\n","protected":false},"author":1,"featured_media":46319,"comment_status":"open","ping_status":"open","sticky":false,"template":"","format":"standard","meta":{"_crdt_document":"","footnotes":""},"categories":[5],"tags":[],"class_list":["post-46318","post","type-post","status-publish","format-standard","has-post-thumbnail","hentry","category-asayis"],"_links":{"self":[{"href":"https:\/\/www.egemtv.com\/index.php?rest_route=\/wp\/v2\/posts\/46318","targetHints":{"allow":["GET"]}}],"collection":[{"href":"https:\/\/www.egemtv.com\/index.php?rest_route=\/wp\/v2\/posts"}],"about":[{"href":"https:\/\/www.egemtv.com\/index.php?rest_route=\/wp\/v2\/types\/post"}],"author":[{"embeddable":true,"href":"https:\/\/www.egemtv.com\/index.php?rest_route=\/wp\/v2\/users\/1"}],"replies":[{"embeddable":true,"href":"https:\/\/www.egemtv.com\/index.php?rest_route=%2Fwp%2Fv2%2Fcomments&post=46318"}],"version-history":[{"count":1,"href":"https:\/\/www.egemtv.com\/index.php?rest_route=\/wp\/v2\/posts\/46318\/revisions"}],"predecessor-version":[{"id":46320,"href":"https:\/\/www.egemtv.com\/index.php?rest_route=\/wp\/v2\/posts\/46318\/revisions\/46320"}],"wp:featuredmedia":[{"embeddable":true,"href":"https:\/\/www.egemtv.com\/index.php?rest_route=\/wp\/v2\/media\/46319"}],"wp:attachment":[{"href":"https:\/\/www.egemtv.com\/index.php?rest_route=%2Fwp%2Fv2%2Fmedia&parent=46318"}],"wp:term":[{"taxonomy":"category","embeddable":true,"href":"https:\/\/www.egemtv.com\/index.php?rest_route=%2Fwp%2Fv2%2Fcategories&post=46318"},{"taxonomy":"post_tag","embeddable":true,"href":"https:\/\/www.egemtv.com\/index.php?rest_route=%2Fwp%2Fv2%2Ftags&post=46318"}],"curies":[{"name":"wp","href":"https:\/\/api.w.org\/{rel}","templated":true}]}}