{"id":46315,"date":"2025-08-02T11:15:55","date_gmt":"2025-08-02T08:15:55","guid":{"rendered":"https:\/\/www.egemtv.com\/?p=46315"},"modified":"2025-08-02T11:15:56","modified_gmt":"2025-08-02T08:15:56","slug":"imaret-asevi-projesi-icin-harekete-gecildi","status":"publish","type":"post","link":"https:\/\/www.egemtv.com\/?p=46315","title":{"rendered":"\u0130maret A\u015fevi projesi i\u00e7in harekete ge\u00e7ildi"},"content":{"rendered":"<p>Afyonkarahisar\u2019da tarihi Gedik Ahmet Pa\u015fa (\u0130maret) Cami yerle\u015fkesinde a\u015fevi yap\u0131laca\u011f\u0131 belirtildi.<br \/>\n<br \/>Vali Do\u00e7. Dr. K\u00fcbra G\u00fcran Yi\u011fitba\u015f\u0131, Vak\u0131flar Genel M\u00fcd\u00fcrl\u00fc\u011f\u00fc taraf\u0131ndan Afyonkarahisar\u2019da yap\u0131lmas\u0131 planlanan \u0130maret A\u015fevi projesi ile ilgili Vali Yard\u0131mc\u0131s\u0131 Celil Ate\u015fo\u011flu, Mimar \u0130smail Efe ve \u0130\u00e7 Mimar Meryem Saatci\u2019den bilgi ald\u0131. Projenin \u00f6n\u00fcm\u00fczdeki g\u00fcnlerde harekete ge\u00e7ece\u011fi ve a\u015fevinin cami yerle\u015fkesine yap\u0131laca\u011f\u0131 kaydedildi.<br \/><\/p>\n","protected":false},"excerpt":{"rendered":"<p>Afyonkarahisar\u2019da tarihi Gedik Ahmet Pa\u015fa (\u0130maret) Cami yerle\u015fkesinde a\u015fevi yap\u0131laca\u011f\u0131 belirtildi. Vali Do\u00e7. Dr. K\u00fcbra G\u00fcran Yi\u011fitba\u015f\u0131, Vak\u0131flar Genel M\u00fcd\u00fcrl\u00fc\u011f\u00fc taraf\u0131ndan Afyonkarahisar\u2019da yap\u0131lmas\u0131 planlanan \u0130maret A\u015fevi projesi ile ilgili Vali Yard\u0131mc\u0131s\u0131 Celil Ate\u015fo\u011flu, Mimar \u0130smail Efe ve \u0130\u00e7 Mimar Meryem Saatci\u2019den bilgi ald\u0131. Projenin \u00f6n\u00fcm\u00fczdeki g\u00fcnlerde harekete ge\u00e7ece\u011fi ve a\u015fevinin cami yerle\u015fkesine yap\u0131laca\u011f\u0131 kaydedildi.<\/p>\n","protected":false},"author":1,"featured_media":46316,"comment_status":"open","ping_status":"open","sticky":false,"template":"","format":"standard","meta":{"_crdt_document":"","footnotes":""},"categories":[1],"tags":[],"class_list":["post-46315","post","type-post","status-publish","format-standard","has-post-thumbnail","hentry","category-guncel"],"_links":{"self":[{"href":"https:\/\/www.egemtv.com\/index.php?rest_route=\/wp\/v2\/posts\/46315","targetHints":{"allow":["GET"]}}],"collection":[{"href":"https:\/\/www.egemtv.com\/index.php?rest_route=\/wp\/v2\/posts"}],"about":[{"href":"https:\/\/www.egemtv.com\/index.php?rest_route=\/wp\/v2\/types\/post"}],"author":[{"embeddable":true,"href":"https:\/\/www.egemtv.com\/index.php?rest_route=\/wp\/v2\/users\/1"}],"replies":[{"embeddable":true,"href":"https:\/\/www.egemtv.com\/index.php?rest_route=%2Fwp%2Fv2%2Fcomments&post=46315"}],"version-history":[{"count":1,"href":"https:\/\/www.egemtv.com\/index.php?rest_route=\/wp\/v2\/posts\/46315\/revisions"}],"predecessor-version":[{"id":46317,"href":"https:\/\/www.egemtv.com\/index.php?rest_route=\/wp\/v2\/posts\/46315\/revisions\/46317"}],"wp:featuredmedia":[{"embeddable":true,"href":"https:\/\/www.egemtv.com\/index.php?rest_route=\/wp\/v2\/media\/46316"}],"wp:attachment":[{"href":"https:\/\/www.egemtv.com\/index.php?rest_route=%2Fwp%2Fv2%2Fmedia&parent=46315"}],"wp:term":[{"taxonomy":"category","embeddable":true,"href":"https:\/\/www.egemtv.com\/index.php?rest_route=%2Fwp%2Fv2%2Fcategories&post=46315"},{"taxonomy":"post_tag","embeddable":true,"href":"https:\/\/www.egemtv.com\/index.php?rest_route=%2Fwp%2Fv2%2Ftags&post=46315"}],"curies":[{"name":"wp","href":"https:\/\/api.w.org\/{rel}","templated":true}]}}